{"id":427,"date":"2020-11-07T17:57:50","date_gmt":"2020-11-07T15:57:50","guid":{"rendered":"https:\/\/www.iisvogel.ch\/wp\/?p=427"},"modified":"2021-01-30T17:10:40","modified_gmt":"2021-01-30T15:10:40","slug":"unternehmungen-a-la-carte","status":"publish","type":"post","link":"https:\/\/www.iisvogel.ch\/wp\/?p=427","title":{"rendered":"Unternehmungen \u00e0 la carte"},"content":{"rendered":"\n<p>Es gibt liebe, tolerante Menschen. Diese sind beeindruckt von der farbenfrohen Vielfalt und dem ausschweifend gelebten Individualismus der iisv\u00f6gel. Andere liebe Mitmenschen stellen das soziale Vereinsleben und die Gemeinschaft in den Mittelpunkt (oft sind sie sogar sehr, sehr lieb &#8211; solange alles nach ihrem Gusto abl\u00e4uft).<\/p>\n\n\n\n<!--more-->\n\n\n\n<p>Vorstehender Gedanke zu wissenschaftlich noch kaum erforschten typologischen Spannungsfeldern l\u00f6ste der denkw\u00fcrdige Samstag, 07.11.2020 aus: <\/p>\n\n\n\n<p>Die iisv\u00f6gel stellten ein Tagesprogramm auf die Beine, das jenes unserer SAC-Sektion mit 3500 Mitgliedern geradezu l\u00e4cherlich wirken l\u00e4sst.<\/p>\n\n\n\n<p>Auf Initiative von Danilo wanderten vier iisv\u00f6gel nordseitig auf den viergipfligen Fluebrig. Der Diethelm (2098 m\u00fcM) wartete zu aller Erstaunen mit sch\u00f6nster Thermik bis ca. 400 m \u00fcber dem Gipfel auf. Der herrliche Tag wurde gemeinsam (!) im Restaurant Au am Seeende beschlossen. <\/p>\n\n\n\n<figure class=\"wp-block-image\"><img loading=\"lazy\" decoding=\"async\" width=\"2592\" height=\"1458\" src=\"https:\/\/www.iisvogel.ch\/wp\/wp-content\/uploads\/2020\/11\/fluebrig-3.jpg\" alt=\"\" class=\"wp-image-435\"\/><\/figure>\n\n\n\n<figure class=\"wp-block-image\"><img loading=\"lazy\" decoding=\"async\" width=\"2592\" height=\"1458\" src=\"https:\/\/www.iisvogel.ch\/wp\/wp-content\/uploads\/2020\/11\/fluebrig-1.jpg\" alt=\"\" class=\"wp-image-431\"\/><\/figure>\n\n\n\n<figure class=\"wp-block-image\"><img loading=\"lazy\" decoding=\"async\" width=\"2592\" height=\"1458\" src=\"https:\/\/www.iisvogel.ch\/wp\/wp-content\/uploads\/2020\/11\/fluebrig-2.jpg\" alt=\"\" class=\"wp-image-432\"\/><\/figure>\n\n\n\n<p>Von der zweiten Gruppe &#8211; der Initiant schrieb \u201eMir g\u00f6nd 09.17 ab Uznach uf de S\u00e4ntis \u2026 Ch\u00e4serrugg\u201c &#8211; war lediglich zu vernehmen, dass einer der Gruppe in Kaltbrunn landete.<\/p>\n\n\n\n<p>Vom Schicksal der dritten Gruppe, dessen Initiant schrieb \u201eMorn gang ich uf Tschinglaa. Falls \u00f6per w\u00f6t mit cho 10:20 Bus ab Walenstadt \ud83d\ude42\u201c ist nichts \u00fcberliefert.<\/p>\n\n\n\n<p>Hingegen machte uns der Pr\u00e4si von seiner Kampfwanderung in den am Fluebrig anschliessenden H\u00f6gern schon im schweisstreibenden Aufstieg gluschtig: \u201ed\u00e4 Adler dreht scho i de Thermik bi mir\u201c.<\/p>\n\n\n\n<p>Worauf der diensthabende Lokif\u00fchrer Manu frotzelte \u201eAlles, was sich bi mir dreht, sind Eisenr\u00e4der\u2026\u201c<\/p>\n\n\n\n<p>Und auch Oli &#8211; der eine neue Sportart erfunden hat &#8211; meldete sich mit einem tr\u00e4fen Spruch \u201eS\u00e4lewie det \u00e4ne! Hier soaren &#8222;nur&#8220; die Dohlen. LG vom hike&amp;hike Falknis\u201c.<\/p>\n\n\n\n<figure class=\"wp-block-image\"><img loading=\"lazy\" decoding=\"async\" width=\"2016\" height=\"1134\" src=\"https:\/\/www.iisvogel.ch\/wp\/wp-content\/uploads\/2020\/11\/falknis.jpeg\" alt=\"\" class=\"wp-image-428\"\/><\/figure>\n\n\n\n<p>Der arbeitsame Vermesser Stefan setzte mit einer Foto aus dem finsteren Kerenzerstollen einen Kontrapunkt zu den idyllischen Aussichtsbildern und den Schw\u00e4rmereien der Herbstsonnenanbeter.<\/p>\n\n\n\n<figure class=\"wp-block-image\"><img loading=\"lazy\" decoding=\"async\" width=\"925\" height=\"441\" src=\"https:\/\/www.iisvogel.ch\/wp\/wp-content\/uploads\/2020\/11\/tunnel-1.jpg\" alt=\"\" class=\"wp-image-430\"\/><\/figure>\n\n\n\n<p>Wirklich sch\u00f6n, dieser Individualismus und zugleich das gemeinschaftliche Clubleben. Die iisv\u00f6gel bringen seit fast 30 Jahren beides unter einen Hut &#8211; obwohl sowieso immer jeder macht was er will.<\/p>\n","protected":false},"excerpt":{"rendered":"<p>Es gibt liebe, tolerante Menschen. Diese sind beeindruckt von der farbenfrohen Vielfalt und dem ausschweifend gelebten Individualismus der iisv\u00f6gel. Andere liebe Mitmenschen stellen das soziale Vereinsleben und die Gemeinschaft in den Mittelpunkt (oft sind sie sogar sehr, sehr lieb &#8211; solange alles nach ihrem Gusto abl\u00e4uft).<\/p>\n","protected":false},"author":1,"featured_media":0,"comment_status":"closed","ping_status":"closed","sticky":false,"template":"","format":"standard","meta":{"footnotes":""},"categories":[6],"tags":[],"_links":{"self":[{"href":"https:\/\/www.iisvogel.ch\/wp\/index.php?rest_route=\/wp\/v2\/posts\/427"}],"collection":[{"href":"https:\/\/www.iisvogel.ch\/wp\/index.php?rest_route=\/wp\/v2\/posts"}],"about":[{"href":"https:\/\/www.iisvogel.ch\/wp\/index.php?rest_route=\/wp\/v2\/types\/post"}],"author":[{"embeddable":true,"href":"https:\/\/www.iisvogel.ch\/wp\/index.php?rest_route=\/wp\/v2\/users\/1"}],"replies":[{"embeddable":true,"href":"https:\/\/www.iisvogel.ch\/wp\/index.php?rest_route=%2Fwp%2Fv2%2Fcomments&post=427"}],"version-history":[{"count":4,"href":"https:\/\/www.iisvogel.ch\/wp\/index.php?rest_route=\/wp\/v2\/posts\/427\/revisions"}],"predecessor-version":[{"id":532,"href":"https:\/\/www.iisvogel.ch\/wp\/index.php?rest_route=\/wp\/v2\/posts\/427\/revisions\/532"}],"wp:attachment":[{"href":"https:\/\/www.iisvogel.ch\/wp\/index.php?rest_route=%2Fwp%2Fv2%2Fmedia&parent=427"}],"wp:term":[{"taxonomy":"category","embeddable":true,"href":"https:\/\/www.iisvogel.ch\/wp\/index.php?rest_route=%2Fwp%2Fv2%2Fcategories&post=427"},{"taxonomy":"post_tag","embeddable":true,"href":"https:\/\/www.iisvogel.ch\/wp\/index.php?rest_route=%2Fwp%2Fv2%2Ftags&post=427"}],"curies":[{"name":"wp","href":"https:\/\/api.w.org\/{rel}","templated":true}]}}