{"id":2043,"date":"2025-10-11T22:46:00","date_gmt":"2025-10-11T20:46:00","guid":{"rendered":"https:\/\/www.iisvogel.ch\/wp\/?p=2043"},"modified":"2025-10-23T23:59:23","modified_gmt":"2025-10-23T21:59:23","slug":"falknis","status":"publish","type":"post","link":"https:\/\/www.iisvogel.ch\/wp\/?p=2043","title":{"rendered":"Falknis"},"content":{"rendered":"\n<p>Begonnen hat die Geschichte damit, dass ich (Danilo) von Andreas am Mittwoch eine Threema-Nachricht erhielt: <em>&#8222;Wirst du deine geplante Tour am Samstag durchf\u00fchren? Zumindest das Wetter m\u00fcsste ja passen&#8230;&#8220;<\/em> Mein Kalender wusste von nichts, aber ein Blick in das Jahresprogramm offenbarte, dass ich offenbar an der letztj\u00e4hrigen GV eine Tour auf Glegghorn und Falknis ausgeschrieben hatte. Und Andreas hatte recht, die Wetterprognose war gut. So w\u00e4rmte ich kurz die &#8222;unbenutzte&#8220; Planung vom letzten Jahr auf (wie auch schon die <a href=\"https:\/\/www.iisvogel.ch\/wp\/?p=1873\">Galmihornh\u00fctte<\/a> und der <a href=\"https:\/\/www.iisvogel.ch\/wp\/?p=1796\">Vordergl\u00e4rnisch<\/a> war auch der Falknis bereits letztes Jahr auf dem Jahresprogramm) und fragte im Iisvogel-Chat nach, ob denn sonst noch jemand Lust h\u00e4tte, \u00fcber die Maienfelder Alpen zu flanieren.<\/p>\n\n\n\n<p>Am Samstagmorgen standen wir dann zu viert in Malans beim \u00c4lplib\u00e4hnli. Beim Aufstieg wurde noch kurz diskutiert, ob die Routenvariante mit Abstecher zum Glegghorn in der Runde gew\u00fcnscht ist oder nicht&#8230; Oben angekommen, beim gem\u00fctlichen Morgenkafi und -gipfeli, haben wir uns dann klar f\u00fcr die AHV-Variante ohne Glegghorn entschieden. (Im Nachhinein erwies sich das als gute Entscheidung, die Wanderung zog sich auch ohne Zusatzgipfel mit seinen 10km Distanz l\u00e4nger hin als erwartet.)<\/p>\n\n\n\n<p>Wir wanderten um den Ruhab\u00e4rg, an der Fl\u00e4scher Alp vorbei und zum Vorderscht See, wo wir uns die erste Pause g\u00f6nnten und uns mit den vorbeiziehenden J\u00e4gern unterhielten.<\/p>\n\n\n\n<figure class=\"wp-block-gallery has-nested-images columns-default is-cropped wp-block-gallery-1 is-layout-flex wp-block-gallery-is-layout-flex\">\n<figure class=\"wp-block-image size-large is-style-default\"><a href=\"https:\/\/www.iisvogel.ch\/wp\/wp-content\/uploads\/2025\/10\/PXL_20251011_064426266_preview.jpeg\"><img loading=\"lazy\" decoding=\"async\" width=\"1024\" height=\"576\" data-id=\"2045\" src=\"https:\/\/www.iisvogel.ch\/wp\/wp-content\/uploads\/2025\/10\/PXL_20251011_064426266_preview-1024x576.jpeg\" alt=\"\" class=\"wp-image-2045\" srcset=\"https:\/\/www.iisvogel.ch\/wp\/wp-content\/uploads\/2025\/10\/PXL_20251011_064426266_preview-1024x576.jpeg 1024w, https:\/\/www.iisvogel.ch\/wp\/wp-content\/uploads\/2025\/10\/PXL_20251011_064426266_preview-300x169.jpeg 300w, https:\/\/www.iisvogel.ch\/wp\/wp-content\/uploads\/2025\/10\/PXL_20251011_064426266_preview-768x432.jpeg 768w, https:\/\/www.iisvogel.ch\/wp\/wp-content\/uploads\/2025\/10\/PXL_20251011_064426266_preview-1536x864.jpeg 1536w, https:\/\/www.iisvogel.ch\/wp\/wp-content\/uploads\/2025\/10\/PXL_20251011_064426266_preview-2048x1152.jpeg 2048w\" sizes=\"(max-width: 1024px) 100vw, 1024px\" \/><\/a><figcaption class=\"wp-element-caption\">Im Bergbeizli<\/figcaption><\/figure>\n\n\n\n<figure class=\"wp-block-image size-large\"><a href=\"https:\/\/www.iisvogel.ch\/wp\/wp-content\/uploads\/2025\/10\/DSCF2042_preview.jpeg\"><img loading=\"lazy\" decoding=\"async\" width=\"1024\" height=\"683\" data-id=\"2044\" src=\"https:\/\/www.iisvogel.ch\/wp\/wp-content\/uploads\/2025\/10\/DSCF2042_preview-1024x683.jpeg\" alt=\"\" class=\"wp-image-2044\" srcset=\"https:\/\/www.iisvogel.ch\/wp\/wp-content\/uploads\/2025\/10\/DSCF2042_preview-1024x683.jpeg 1024w, https:\/\/www.iisvogel.ch\/wp\/wp-content\/uploads\/2025\/10\/DSCF2042_preview-300x200.jpeg 300w, https:\/\/www.iisvogel.ch\/wp\/wp-content\/uploads\/2025\/10\/DSCF2042_preview-768x512.jpeg 768w, https:\/\/www.iisvogel.ch\/wp\/wp-content\/uploads\/2025\/10\/DSCF2042_preview-1536x1024.jpeg 1536w, https:\/\/www.iisvogel.ch\/wp\/wp-content\/uploads\/2025\/10\/DSCF2042_preview-2048x1365.jpeg 2048w\" sizes=\"(max-width: 1024px) 100vw, 1024px\" \/><\/a><figcaption class=\"wp-element-caption\">Das verschm\u00e4hte Glegghorn<\/figcaption><\/figure>\n\n\n\n<figure class=\"wp-block-image size-large\"><a href=\"https:\/\/www.iisvogel.ch\/wp\/wp-content\/uploads\/2025\/10\/DSCF2070_preview.jpeg\"><img loading=\"lazy\" decoding=\"async\" width=\"1024\" height=\"683\" data-id=\"2046\" src=\"https:\/\/www.iisvogel.ch\/wp\/wp-content\/uploads\/2025\/10\/DSCF2070_preview-1024x683.jpeg\" alt=\"\" class=\"wp-image-2046\" srcset=\"https:\/\/www.iisvogel.ch\/wp\/wp-content\/uploads\/2025\/10\/DSCF2070_preview-1024x683.jpeg 1024w, https:\/\/www.iisvogel.ch\/wp\/wp-content\/uploads\/2025\/10\/DSCF2070_preview-300x200.jpeg 300w, https:\/\/www.iisvogel.ch\/wp\/wp-content\/uploads\/2025\/10\/DSCF2070_preview-768x512.jpeg 768w, https:\/\/www.iisvogel.ch\/wp\/wp-content\/uploads\/2025\/10\/DSCF2070_preview-1536x1024.jpeg 1536w, https:\/\/www.iisvogel.ch\/wp\/wp-content\/uploads\/2025\/10\/DSCF2070_preview-2048x1365.jpeg 2048w\" sizes=\"(max-width: 1024px) 100vw, 1024px\" \/><\/a><figcaption class=\"wp-element-caption\">Blick auf Calanda und Ringelspitz<\/figcaption><\/figure>\n\n\n\n<figure class=\"wp-block-image size-large\"><a href=\"https:\/\/www.iisvogel.ch\/wp\/wp-content\/uploads\/2025\/10\/DSCF2076_preview.jpeg\"><img loading=\"lazy\" decoding=\"async\" width=\"1024\" height=\"683\" data-id=\"2048\" src=\"https:\/\/www.iisvogel.ch\/wp\/wp-content\/uploads\/2025\/10\/DSCF2076_preview-1024x683.jpeg\" alt=\"\" class=\"wp-image-2048\" srcset=\"https:\/\/www.iisvogel.ch\/wp\/wp-content\/uploads\/2025\/10\/DSCF2076_preview-1024x683.jpeg 1024w, https:\/\/www.iisvogel.ch\/wp\/wp-content\/uploads\/2025\/10\/DSCF2076_preview-300x200.jpeg 300w, https:\/\/www.iisvogel.ch\/wp\/wp-content\/uploads\/2025\/10\/DSCF2076_preview-768x512.jpeg 768w, https:\/\/www.iisvogel.ch\/wp\/wp-content\/uploads\/2025\/10\/DSCF2076_preview-1536x1024.jpeg 1536w, https:\/\/www.iisvogel.ch\/wp\/wp-content\/uploads\/2025\/10\/DSCF2076_preview-2048x1365.jpeg 2048w\" sizes=\"(max-width: 1024px) 100vw, 1024px\" \/><\/a><\/figure>\n\n\n\n<figure class=\"wp-block-image size-large\"><a href=\"https:\/\/www.iisvogel.ch\/wp\/wp-content\/uploads\/2025\/10\/DSCF2080_preview.jpeg\"><img loading=\"lazy\" decoding=\"async\" width=\"1024\" height=\"683\" data-id=\"2049\" src=\"https:\/\/www.iisvogel.ch\/wp\/wp-content\/uploads\/2025\/10\/DSCF2080_preview-1024x683.jpeg\" alt=\"\" class=\"wp-image-2049\" srcset=\"https:\/\/www.iisvogel.ch\/wp\/wp-content\/uploads\/2025\/10\/DSCF2080_preview-1024x683.jpeg 1024w, https:\/\/www.iisvogel.ch\/wp\/wp-content\/uploads\/2025\/10\/DSCF2080_preview-300x200.jpeg 300w, https:\/\/www.iisvogel.ch\/wp\/wp-content\/uploads\/2025\/10\/DSCF2080_preview-768x512.jpeg 768w, https:\/\/www.iisvogel.ch\/wp\/wp-content\/uploads\/2025\/10\/DSCF2080_preview-1536x1024.jpeg 1536w, https:\/\/www.iisvogel.ch\/wp\/wp-content\/uploads\/2025\/10\/DSCF2080_preview-2048x1365.jpeg 2048w\" sizes=\"(max-width: 1024px) 100vw, 1024px\" \/><\/a><\/figure>\n\n\n\n<figure class=\"wp-block-image size-large\"><a href=\"https:\/\/www.iisvogel.ch\/wp\/wp-content\/uploads\/2025\/10\/DSCF2082_preview.jpeg\"><img loading=\"lazy\" decoding=\"async\" width=\"1024\" height=\"683\" data-id=\"2050\" src=\"https:\/\/www.iisvogel.ch\/wp\/wp-content\/uploads\/2025\/10\/DSCF2082_preview-1024x683.jpeg\" alt=\"\" class=\"wp-image-2050\" srcset=\"https:\/\/www.iisvogel.ch\/wp\/wp-content\/uploads\/2025\/10\/DSCF2082_preview-1024x683.jpeg 1024w, https:\/\/www.iisvogel.ch\/wp\/wp-content\/uploads\/2025\/10\/DSCF2082_preview-300x200.jpeg 300w, https:\/\/www.iisvogel.ch\/wp\/wp-content\/uploads\/2025\/10\/DSCF2082_preview-768x512.jpeg 768w, https:\/\/www.iisvogel.ch\/wp\/wp-content\/uploads\/2025\/10\/DSCF2082_preview-1536x1024.jpeg 1536w, https:\/\/www.iisvogel.ch\/wp\/wp-content\/uploads\/2025\/10\/DSCF2082_preview-2048x1365.jpeg 2048w\" sizes=\"(max-width: 1024px) 100vw, 1024px\" \/><\/a><\/figure>\n\n\n\n<figure class=\"wp-block-image size-large\"><a href=\"https:\/\/www.iisvogel.ch\/wp\/wp-content\/uploads\/2025\/10\/DSCF2105-DSCF2111.small_preview-scaled.jpeg\"><img loading=\"lazy\" decoding=\"async\" width=\"1024\" height=\"318\" data-id=\"2052\" src=\"https:\/\/www.iisvogel.ch\/wp\/wp-content\/uploads\/2025\/10\/DSCF2105-DSCF2111.small_preview-1024x318.jpeg\" alt=\"\" class=\"wp-image-2052\" srcset=\"https:\/\/www.iisvogel.ch\/wp\/wp-content\/uploads\/2025\/10\/DSCF2105-DSCF2111.small_preview-1024x318.jpeg 1024w, https:\/\/www.iisvogel.ch\/wp\/wp-content\/uploads\/2025\/10\/DSCF2105-DSCF2111.small_preview-300x93.jpeg 300w, https:\/\/www.iisvogel.ch\/wp\/wp-content\/uploads\/2025\/10\/DSCF2105-DSCF2111.small_preview-768x238.jpeg 768w, https:\/\/www.iisvogel.ch\/wp\/wp-content\/uploads\/2025\/10\/DSCF2105-DSCF2111.small_preview-1536x477.jpeg 1536w, https:\/\/www.iisvogel.ch\/wp\/wp-content\/uploads\/2025\/10\/DSCF2105-DSCF2111.small_preview-2048x636.jpeg 2048w\" sizes=\"(max-width: 1024px) 100vw, 1024px\" \/><\/a><figcaption class=\"wp-element-caption\">Panorama beim Vorderscht See, Blick auf Glegghorn Ostgrat, Falknisspitz und Grauspitz<\/figcaption><\/figure>\n<\/figure>\n\n\n\n<p>Vom Vorderscht See geht&#8217;s wundersch\u00f6n an den gelben L\u00e4rchen vorbei via Mittler See zum Oberst See. (Besonders kreativ in der Namensgebung sind sie ja nicht, die Fl\u00e4scher \u00c4lpler&#8230;) <\/p>\n\n\n\n<figure class=\"wp-block-gallery has-nested-images columns-default is-cropped wp-block-gallery-2 is-layout-flex wp-block-gallery-is-layout-flex\">\n<figure class=\"wp-block-image size-large\"><a href=\"https:\/\/www.iisvogel.ch\/wp\/wp-content\/uploads\/2025\/10\/DSCF2132_preview.jpeg\"><img loading=\"lazy\" decoding=\"async\" width=\"1024\" height=\"683\" data-id=\"2054\" src=\"https:\/\/www.iisvogel.ch\/wp\/wp-content\/uploads\/2025\/10\/DSCF2132_preview-1024x683.jpeg\" alt=\"\" class=\"wp-image-2054\" srcset=\"https:\/\/www.iisvogel.ch\/wp\/wp-content\/uploads\/2025\/10\/DSCF2132_preview-1024x683.jpeg 1024w, https:\/\/www.iisvogel.ch\/wp\/wp-content\/uploads\/2025\/10\/DSCF2132_preview-300x200.jpeg 300w, https:\/\/www.iisvogel.ch\/wp\/wp-content\/uploads\/2025\/10\/DSCF2132_preview-768x512.jpeg 768w, https:\/\/www.iisvogel.ch\/wp\/wp-content\/uploads\/2025\/10\/DSCF2132_preview-1536x1024.jpeg 1536w, https:\/\/www.iisvogel.ch\/wp\/wp-content\/uploads\/2025\/10\/DSCF2132_preview-2048x1365.jpeg 2048w\" sizes=\"(max-width: 1024px) 100vw, 1024px\" \/><\/a><figcaption class=\"wp-element-caption\">Mittler See<\/figcaption><\/figure>\n\n\n\n<figure class=\"wp-block-image size-large\"><a href=\"https:\/\/www.iisvogel.ch\/wp\/wp-content\/uploads\/2025\/10\/DSCF2143_preview.jpeg\"><img loading=\"lazy\" decoding=\"async\" width=\"1024\" height=\"683\" data-id=\"2055\" src=\"https:\/\/www.iisvogel.ch\/wp\/wp-content\/uploads\/2025\/10\/DSCF2143_preview-1024x683.jpeg\" alt=\"\" class=\"wp-image-2055\" srcset=\"https:\/\/www.iisvogel.ch\/wp\/wp-content\/uploads\/2025\/10\/DSCF2143_preview-1024x683.jpeg 1024w, https:\/\/www.iisvogel.ch\/wp\/wp-content\/uploads\/2025\/10\/DSCF2143_preview-300x200.jpeg 300w, https:\/\/www.iisvogel.ch\/wp\/wp-content\/uploads\/2025\/10\/DSCF2143_preview-768x512.jpeg 768w, https:\/\/www.iisvogel.ch\/wp\/wp-content\/uploads\/2025\/10\/DSCF2143_preview-1536x1024.jpeg 1536w, https:\/\/www.iisvogel.ch\/wp\/wp-content\/uploads\/2025\/10\/DSCF2143_preview-2048x1365.jpeg 2048w\" sizes=\"(max-width: 1024px) 100vw, 1024px\" \/><\/a><figcaption class=\"wp-element-caption\">Herbstlicher Restschnee<\/figcaption><\/figure>\n\n\n\n<figure class=\"wp-block-image size-large\"><a href=\"https:\/\/www.iisvogel.ch\/wp\/wp-content\/uploads\/2025\/10\/DSCF2153_preview.jpeg\"><img loading=\"lazy\" decoding=\"async\" width=\"1024\" height=\"683\" data-id=\"2056\" src=\"https:\/\/www.iisvogel.ch\/wp\/wp-content\/uploads\/2025\/10\/DSCF2153_preview-1024x683.jpeg\" alt=\"\" class=\"wp-image-2056\" srcset=\"https:\/\/www.iisvogel.ch\/wp\/wp-content\/uploads\/2025\/10\/DSCF2153_preview-1024x683.jpeg 1024w, https:\/\/www.iisvogel.ch\/wp\/wp-content\/uploads\/2025\/10\/DSCF2153_preview-300x200.jpeg 300w, https:\/\/www.iisvogel.ch\/wp\/wp-content\/uploads\/2025\/10\/DSCF2153_preview-768x512.jpeg 768w, https:\/\/www.iisvogel.ch\/wp\/wp-content\/uploads\/2025\/10\/DSCF2153_preview-1536x1024.jpeg 1536w, https:\/\/www.iisvogel.ch\/wp\/wp-content\/uploads\/2025\/10\/DSCF2153_preview-2048x1365.jpeg 2048w\" sizes=\"(max-width: 1024px) 100vw, 1024px\" \/><\/a><figcaption class=\"wp-element-caption\">Am Vorderscht See<\/figcaption><\/figure>\n<\/figure>\n\n\n\n<p>Nun begann der Schlussaufstieg. Beim Fl\u00e4scher F\u00fcrggli, wo man zum ersten mal ins Tal runter sehen konnte, wurde schon laut gewerweisst, ob wir direkt hier bleiben und an diesem perfekten Hang starten sollen&#8230; Aber es fand sich dann doch noch gen\u00fcgend Rest-Motivation, um die grossen Rucks\u00e4cke auf den Gipfel zu tragen. Und das Gipfelpanorama auf der schweizerisch-liechtensteinischen Grenze war es auch definitiv wert!<\/p>\n\n\n\n<figure class=\"wp-block-gallery has-nested-images columns-default is-cropped wp-block-gallery-3 is-layout-flex wp-block-gallery-is-layout-flex\">\n<figure class=\"wp-block-image size-large\"><a href=\"https:\/\/www.iisvogel.ch\/wp\/wp-content\/uploads\/2025\/10\/DSCF2166.small_preview.jpeg\"><img loading=\"lazy\" decoding=\"async\" width=\"1024\" height=\"683\" data-id=\"2057\" src=\"https:\/\/www.iisvogel.ch\/wp\/wp-content\/uploads\/2025\/10\/DSCF2166.small_preview-1024x683.jpeg\" alt=\"\" class=\"wp-image-2057\" srcset=\"https:\/\/www.iisvogel.ch\/wp\/wp-content\/uploads\/2025\/10\/DSCF2166.small_preview-1024x683.jpeg 1024w, https:\/\/www.iisvogel.ch\/wp\/wp-content\/uploads\/2025\/10\/DSCF2166.small_preview-300x200.jpeg 300w, https:\/\/www.iisvogel.ch\/wp\/wp-content\/uploads\/2025\/10\/DSCF2166.small_preview-768x512.jpeg 768w, https:\/\/www.iisvogel.ch\/wp\/wp-content\/uploads\/2025\/10\/DSCF2166.small_preview-1536x1024.jpeg 1536w, https:\/\/www.iisvogel.ch\/wp\/wp-content\/uploads\/2025\/10\/DSCF2166.small_preview-2048x1365.jpeg 2048w\" sizes=\"(max-width: 1024px) 100vw, 1024px\" \/><\/a><figcaption class=\"wp-element-caption\">Grauspitz<\/figcaption><\/figure>\n\n\n\n<figure class=\"wp-block-image size-large\"><a href=\"https:\/\/www.iisvogel.ch\/wp\/wp-content\/uploads\/2025\/10\/PXL_20251011_105840526.MP_preview.jpeg\"><img loading=\"lazy\" decoding=\"async\" width=\"1024\" height=\"576\" data-id=\"2061\" src=\"https:\/\/www.iisvogel.ch\/wp\/wp-content\/uploads\/2025\/10\/PXL_20251011_105840526.MP_preview-1024x576.jpeg\" alt=\"\" class=\"wp-image-2061\" srcset=\"https:\/\/www.iisvogel.ch\/wp\/wp-content\/uploads\/2025\/10\/PXL_20251011_105840526.MP_preview-1024x576.jpeg 1024w, https:\/\/www.iisvogel.ch\/wp\/wp-content\/uploads\/2025\/10\/PXL_20251011_105840526.MP_preview-300x169.jpeg 300w, https:\/\/www.iisvogel.ch\/wp\/wp-content\/uploads\/2025\/10\/PXL_20251011_105840526.MP_preview-768x432.jpeg 768w, https:\/\/www.iisvogel.ch\/wp\/wp-content\/uploads\/2025\/10\/PXL_20251011_105840526.MP_preview-1536x864.jpeg 1536w, https:\/\/www.iisvogel.ch\/wp\/wp-content\/uploads\/2025\/10\/PXL_20251011_105840526.MP_preview-2048x1152.jpeg 2048w\" sizes=\"(max-width: 1024px) 100vw, 1024px\" \/><\/a><figcaption class=\"wp-element-caption\">Blick ins Tal ab Fl\u00e4scher F\u00fcrggli<\/figcaption><\/figure>\n\n\n\n<figure class=\"wp-block-image size-large\"><a href=\"https:\/\/www.iisvogel.ch\/wp\/wp-content\/uploads\/2025\/10\/DSCF2190_preview.jpeg\"><img loading=\"lazy\" decoding=\"async\" width=\"1024\" height=\"683\" data-id=\"2058\" src=\"https:\/\/www.iisvogel.ch\/wp\/wp-content\/uploads\/2025\/10\/DSCF2190_preview-1024x683.jpeg\" alt=\"\" class=\"wp-image-2058\" srcset=\"https:\/\/www.iisvogel.ch\/wp\/wp-content\/uploads\/2025\/10\/DSCF2190_preview-1024x683.jpeg 1024w, https:\/\/www.iisvogel.ch\/wp\/wp-content\/uploads\/2025\/10\/DSCF2190_preview-300x200.jpeg 300w, https:\/\/www.iisvogel.ch\/wp\/wp-content\/uploads\/2025\/10\/DSCF2190_preview-768x512.jpeg 768w, https:\/\/www.iisvogel.ch\/wp\/wp-content\/uploads\/2025\/10\/DSCF2190_preview-1536x1024.jpeg 1536w, https:\/\/www.iisvogel.ch\/wp\/wp-content\/uploads\/2025\/10\/DSCF2190_preview-2048x1365.jpeg 2048w\" sizes=\"(max-width: 1024px) 100vw, 1024px\" \/><\/a><\/figure>\n\n\n\n<figure class=\"wp-block-image size-large\"><a href=\"https:\/\/www.iisvogel.ch\/wp\/wp-content\/uploads\/2025\/10\/DSCF2186-DSCF2189_preview-scaled.jpeg\"><img loading=\"lazy\" decoding=\"async\" width=\"1024\" height=\"454\" data-id=\"2060\" src=\"https:\/\/www.iisvogel.ch\/wp\/wp-content\/uploads\/2025\/10\/DSCF2186-DSCF2189_preview-1024x454.jpeg\" alt=\"\" class=\"wp-image-2060\" srcset=\"https:\/\/www.iisvogel.ch\/wp\/wp-content\/uploads\/2025\/10\/DSCF2186-DSCF2189_preview-1024x454.jpeg 1024w, https:\/\/www.iisvogel.ch\/wp\/wp-content\/uploads\/2025\/10\/DSCF2186-DSCF2189_preview-300x133.jpeg 300w, https:\/\/www.iisvogel.ch\/wp\/wp-content\/uploads\/2025\/10\/DSCF2186-DSCF2189_preview-768x341.jpeg 768w, https:\/\/www.iisvogel.ch\/wp\/wp-content\/uploads\/2025\/10\/DSCF2186-DSCF2189_preview-1536x681.jpeg 1536w, https:\/\/www.iisvogel.ch\/wp\/wp-content\/uploads\/2025\/10\/DSCF2186-DSCF2189_preview-2048x908.jpeg 2048w\" sizes=\"(max-width: 1024px) 100vw, 1024px\" \/><\/a><figcaption class=\"wp-element-caption\">Fl\u00e4scher Tal<\/figcaption><\/figure>\n<\/figure>\n\n\n\n<figure class=\"wp-block-gallery has-nested-images columns-default is-cropped wp-block-gallery-4 is-layout-flex wp-block-gallery-is-layout-flex\">\n<figure class=\"wp-block-image size-large\"><a href=\"https:\/\/www.iisvogel.ch\/wp\/wp-content\/uploads\/2025\/10\/DSCF2193_preview.jpeg\"><img loading=\"lazy\" decoding=\"async\" width=\"1024\" height=\"683\" data-id=\"2066\" src=\"https:\/\/www.iisvogel.ch\/wp\/wp-content\/uploads\/2025\/10\/DSCF2193_preview-1024x683.jpeg\" alt=\"\" class=\"wp-image-2066\" srcset=\"https:\/\/www.iisvogel.ch\/wp\/wp-content\/uploads\/2025\/10\/DSCF2193_preview-1024x683.jpeg 1024w, https:\/\/www.iisvogel.ch\/wp\/wp-content\/uploads\/2025\/10\/DSCF2193_preview-300x200.jpeg 300w, https:\/\/www.iisvogel.ch\/wp\/wp-content\/uploads\/2025\/10\/DSCF2193_preview-768x512.jpeg 768w, https:\/\/www.iisvogel.ch\/wp\/wp-content\/uploads\/2025\/10\/DSCF2193_preview-1536x1024.jpeg 1536w, https:\/\/www.iisvogel.ch\/wp\/wp-content\/uploads\/2025\/10\/DSCF2193_preview-2048x1365.jpeg 2048w\" sizes=\"(max-width: 1024px) 100vw, 1024px\" \/><\/a><figcaption class=\"wp-element-caption\">Glegghorn<\/figcaption><\/figure>\n\n\n\n<figure class=\"wp-block-image size-large\"><a href=\"https:\/\/www.iisvogel.ch\/wp\/wp-content\/uploads\/2025\/10\/DSCF2214_preview.jpeg\"><img loading=\"lazy\" decoding=\"async\" width=\"1024\" height=\"683\" data-id=\"2064\" src=\"https:\/\/www.iisvogel.ch\/wp\/wp-content\/uploads\/2025\/10\/DSCF2214_preview-1024x683.jpeg\" alt=\"\" class=\"wp-image-2064\" srcset=\"https:\/\/www.iisvogel.ch\/wp\/wp-content\/uploads\/2025\/10\/DSCF2214_preview-1024x683.jpeg 1024w, https:\/\/www.iisvogel.ch\/wp\/wp-content\/uploads\/2025\/10\/DSCF2214_preview-300x200.jpeg 300w, https:\/\/www.iisvogel.ch\/wp\/wp-content\/uploads\/2025\/10\/DSCF2214_preview-768x512.jpeg 768w, https:\/\/www.iisvogel.ch\/wp\/wp-content\/uploads\/2025\/10\/DSCF2214_preview-1536x1024.jpeg 1536w, https:\/\/www.iisvogel.ch\/wp\/wp-content\/uploads\/2025\/10\/DSCF2214_preview-2048x1365.jpeg 2048w\" sizes=\"(max-width: 1024px) 100vw, 1024px\" \/><\/a><figcaption class=\"wp-element-caption\">Falknisspitz<\/figcaption><\/figure>\n\n\n\n<figure class=\"wp-block-image size-large\"><a href=\"https:\/\/www.iisvogel.ch\/wp\/wp-content\/uploads\/2025\/10\/PXL_20251011_114805939.MP_preview.jpeg\"><img loading=\"lazy\" decoding=\"async\" width=\"1024\" height=\"576\" data-id=\"2063\" src=\"https:\/\/www.iisvogel.ch\/wp\/wp-content\/uploads\/2025\/10\/PXL_20251011_114805939.MP_preview-1024x576.jpeg\" alt=\"\" class=\"wp-image-2063\" srcset=\"https:\/\/www.iisvogel.ch\/wp\/wp-content\/uploads\/2025\/10\/PXL_20251011_114805939.MP_preview-1024x576.jpeg 1024w, https:\/\/www.iisvogel.ch\/wp\/wp-content\/uploads\/2025\/10\/PXL_20251011_114805939.MP_preview-300x169.jpeg 300w, https:\/\/www.iisvogel.ch\/wp\/wp-content\/uploads\/2025\/10\/PXL_20251011_114805939.MP_preview-768x432.jpeg 768w, https:\/\/www.iisvogel.ch\/wp\/wp-content\/uploads\/2025\/10\/PXL_20251011_114805939.MP_preview-1536x864.jpeg 1536w, https:\/\/www.iisvogel.ch\/wp\/wp-content\/uploads\/2025\/10\/PXL_20251011_114805939.MP_preview-2048x1152.jpeg 2048w\" sizes=\"(max-width: 1024px) 100vw, 1024px\" \/><\/a><figcaption class=\"wp-element-caption\">Seez- und Rheintal<\/figcaption><\/figure>\n\n\n\n<figure class=\"wp-block-image size-large\"><a href=\"https:\/\/www.iisvogel.ch\/wp\/wp-content\/uploads\/2025\/10\/DSCF2223_preview.jpeg\"><img loading=\"lazy\" decoding=\"async\" width=\"1024\" height=\"683\" data-id=\"2062\" src=\"https:\/\/www.iisvogel.ch\/wp\/wp-content\/uploads\/2025\/10\/DSCF2223_preview-1024x683.jpeg\" alt=\"\" class=\"wp-image-2062\" srcset=\"https:\/\/www.iisvogel.ch\/wp\/wp-content\/uploads\/2025\/10\/DSCF2223_preview-1024x683.jpeg 1024w, https:\/\/www.iisvogel.ch\/wp\/wp-content\/uploads\/2025\/10\/DSCF2223_preview-300x200.jpeg 300w, https:\/\/www.iisvogel.ch\/wp\/wp-content\/uploads\/2025\/10\/DSCF2223_preview-768x512.jpeg 768w, https:\/\/www.iisvogel.ch\/wp\/wp-content\/uploads\/2025\/10\/DSCF2223_preview-1536x1024.jpeg 1536w, https:\/\/www.iisvogel.ch\/wp\/wp-content\/uploads\/2025\/10\/DSCF2223_preview-2048x1365.jpeg 2048w\" sizes=\"(max-width: 1024px) 100vw, 1024px\" \/><\/a><\/figure>\n\n\n\n<figure class=\"wp-block-image size-large\"><a href=\"https:\/\/www.iisvogel.ch\/wp\/wp-content\/uploads\/2025\/10\/PXL_20251011_120128225.MP_preview.jpeg\"><img loading=\"lazy\" decoding=\"async\" width=\"1024\" height=\"576\" data-id=\"2065\" src=\"https:\/\/www.iisvogel.ch\/wp\/wp-content\/uploads\/2025\/10\/PXL_20251011_120128225.MP_preview-1024x576.jpeg\" alt=\"\" class=\"wp-image-2065\" srcset=\"https:\/\/www.iisvogel.ch\/wp\/wp-content\/uploads\/2025\/10\/PXL_20251011_120128225.MP_preview-1024x576.jpeg 1024w, https:\/\/www.iisvogel.ch\/wp\/wp-content\/uploads\/2025\/10\/PXL_20251011_120128225.MP_preview-300x169.jpeg 300w, https:\/\/www.iisvogel.ch\/wp\/wp-content\/uploads\/2025\/10\/PXL_20251011_120128225.MP_preview-768x432.jpeg 768w, https:\/\/www.iisvogel.ch\/wp\/wp-content\/uploads\/2025\/10\/PXL_20251011_120128225.MP_preview-1536x864.jpeg 1536w, https:\/\/www.iisvogel.ch\/wp\/wp-content\/uploads\/2025\/10\/PXL_20251011_120128225.MP_preview-2048x1152.jpeg 2048w\" sizes=\"(max-width: 1024px) 100vw, 1024px\" \/><\/a><\/figure>\n<\/figure>\n\n\n\n<p>Nach einem Lunch machten wir uns an den Abstieg zum Startplatz auf ca. 2400m, wo wir die Schirme auslegten und einer nach dem anderen starteten.<\/p>\n\n\n\n<figure class=\"wp-block-gallery has-nested-images columns-default is-cropped wp-block-gallery-5 is-layout-flex wp-block-gallery-is-layout-flex\">\n<figure class=\"wp-block-image size-large\"><a href=\"https:\/\/www.iisvogel.ch\/wp\/wp-content\/uploads\/2025\/10\/DSCF2251_preview.jpeg\"><img loading=\"lazy\" decoding=\"async\" width=\"1024\" height=\"683\" data-id=\"2068\" src=\"https:\/\/www.iisvogel.ch\/wp\/wp-content\/uploads\/2025\/10\/DSCF2251_preview-1024x683.jpeg\" alt=\"\" class=\"wp-image-2068\" srcset=\"https:\/\/www.iisvogel.ch\/wp\/wp-content\/uploads\/2025\/10\/DSCF2251_preview-1024x683.jpeg 1024w, https:\/\/www.iisvogel.ch\/wp\/wp-content\/uploads\/2025\/10\/DSCF2251_preview-300x200.jpeg 300w, https:\/\/www.iisvogel.ch\/wp\/wp-content\/uploads\/2025\/10\/DSCF2251_preview-768x512.jpeg 768w, https:\/\/www.iisvogel.ch\/wp\/wp-content\/uploads\/2025\/10\/DSCF2251_preview-1536x1024.jpeg 1536w, https:\/\/www.iisvogel.ch\/wp\/wp-content\/uploads\/2025\/10\/DSCF2251_preview-2048x1365.jpeg 2048w\" sizes=\"(max-width: 1024px) 100vw, 1024px\" \/><\/a><figcaption class=\"wp-element-caption\">Abstieg<\/figcaption><\/figure>\n\n\n\n<figure class=\"wp-block-image size-large\"><a href=\"https:\/\/www.iisvogel.ch\/wp\/wp-content\/uploads\/2025\/10\/DSCF2250_preview.jpeg\"><img loading=\"lazy\" decoding=\"async\" width=\"1024\" height=\"683\" data-id=\"2067\" src=\"https:\/\/www.iisvogel.ch\/wp\/wp-content\/uploads\/2025\/10\/DSCF2250_preview-1024x683.jpeg\" alt=\"\" class=\"wp-image-2067\" srcset=\"https:\/\/www.iisvogel.ch\/wp\/wp-content\/uploads\/2025\/10\/DSCF2250_preview-1024x683.jpeg 1024w, https:\/\/www.iisvogel.ch\/wp\/wp-content\/uploads\/2025\/10\/DSCF2250_preview-300x200.jpeg 300w, https:\/\/www.iisvogel.ch\/wp\/wp-content\/uploads\/2025\/10\/DSCF2250_preview-768x512.jpeg 768w, https:\/\/www.iisvogel.ch\/wp\/wp-content\/uploads\/2025\/10\/DSCF2250_preview-1536x1024.jpeg 1536w, https:\/\/www.iisvogel.ch\/wp\/wp-content\/uploads\/2025\/10\/DSCF2250_preview-2048x1365.jpeg 2048w\" sizes=\"(max-width: 1024px) 100vw, 1024px\" \/><\/a><figcaption class=\"wp-element-caption\">Interessante Geometrie<\/figcaption><\/figure>\n\n\n\n<figure class=\"wp-block-image size-large\"><a href=\"https:\/\/www.iisvogel.ch\/wp\/wp-content\/uploads\/2025\/10\/DSCF2256_preview.jpeg\"><img loading=\"lazy\" decoding=\"async\" width=\"1024\" height=\"683\" data-id=\"2069\" src=\"https:\/\/www.iisvogel.ch\/wp\/wp-content\/uploads\/2025\/10\/DSCF2256_preview-1024x683.jpeg\" alt=\"\" class=\"wp-image-2069\" srcset=\"https:\/\/www.iisvogel.ch\/wp\/wp-content\/uploads\/2025\/10\/DSCF2256_preview-1024x683.jpeg 1024w, https:\/\/www.iisvogel.ch\/wp\/wp-content\/uploads\/2025\/10\/DSCF2256_preview-300x200.jpeg 300w, https:\/\/www.iisvogel.ch\/wp\/wp-content\/uploads\/2025\/10\/DSCF2256_preview-768x512.jpeg 768w, https:\/\/www.iisvogel.ch\/wp\/wp-content\/uploads\/2025\/10\/DSCF2256_preview-1536x1024.jpeg 1536w, https:\/\/www.iisvogel.ch\/wp\/wp-content\/uploads\/2025\/10\/DSCF2256_preview-2048x1365.jpeg 2048w\" sizes=\"(max-width: 1024px) 100vw, 1024px\" \/><\/a><figcaption class=\"wp-element-caption\">Startvorbereitungen<\/figcaption><\/figure>\n<\/figure>\n\n\n\n<div class=\"wp-block-columns is-layout-flex wp-container-core-columns-is-layout-1 wp-block-columns-is-layout-flex\">\n<div class=\"wp-block-column is-layout-flow wp-block-column-is-layout-flow\" style=\"flex-basis:50%\">\n<figure class=\"wp-block-video\"><video controls src=\"https:\/\/www.iisvogel.ch\/wp\/wp-content\/uploads\/2025\/10\/IMG_5237.mov\"><\/video><\/figure>\n<\/div>\n<\/div>\n\n\n\n<p><\/p>\n\n\n\n<p>Der Start war bei leichtem S\u00fcdwind perfekt m\u00f6glich. Der Flug f\u00fchrte uns in ruhiger Luft nach Malans, und \u2013 mangels guter Landem\u00f6glichkeiten \u2013 weiter in Richtung Landquart, wo es grosse gem\u00e4hte Wiesen gab. Die Gleitzahl wurde nach Durchquerung der Inversion immer besser. Ein Blick auf&#8217;s Vario offenbarte, warum: Mein Ground Speed stieg an, 40 km\/h, 50 km\/h und dann \u00fcber 60 km\/h. Das hatte ich aufgrund der kaum vorhandenen Thermik nicht erwartet, aber vermutlich wurde ein schwacher Talwind durch die Bise aus dem Rheintal markant verst\u00e4rkt.<\/p>\n\n\n\n<p>Kurz hinter dem Landefeld beim Plantahof drehte ich mich gegen den Wind, und stand trotz gedr\u00fccktem Beschleuniger beinahe still. Nicht gerade angenehm, da ich mich an der Stelle zwar noch hoch \u00fcber dem Boden, aber eben auch \u00fcber einem Baukran und Industriegebiet befand. Gl\u00fccklicherweise konnte ich mich mit wenigen Stundenkilometern bis \u00fcber die Wiese positionieren, wo ich dann senkrecht in etwas turbulenter Luft den Boden erreichte.<\/p>\n\n\n\n<p>Nach dem Zusammenpacken, etwas Herumtelefonieren (alle waren iisvogel-m\u00e4ssig an einem anderen Ort gelandet), einer Busfahrt und der Auto-R\u00fcckholung liessen wir den Wanderflugtag bei einem Getr\u00e4nk und Snacks im Coop-Restaurant am Bahnhof Landquart ausklingen.<\/p>\n\n\n\n<figure class=\"wp-block-gallery has-nested-images columns-default is-cropped wp-block-gallery-6 is-layout-flex wp-block-gallery-is-layout-flex\">\n<figure class=\"wp-block-image size-large\"><a href=\"https:\/\/www.iisvogel.ch\/wp\/wp-content\/uploads\/2025\/10\/DSCF2270_preview.jpeg\"><img loading=\"lazy\" decoding=\"async\" width=\"1024\" height=\"683\" data-id=\"2075\" src=\"https:\/\/www.iisvogel.ch\/wp\/wp-content\/uploads\/2025\/10\/DSCF2270_preview-1024x683.jpeg\" alt=\"\" class=\"wp-image-2075\" srcset=\"https:\/\/www.iisvogel.ch\/wp\/wp-content\/uploads\/2025\/10\/DSCF2270_preview-1024x683.jpeg 1024w, https:\/\/www.iisvogel.ch\/wp\/wp-content\/uploads\/2025\/10\/DSCF2270_preview-300x200.jpeg 300w, https:\/\/www.iisvogel.ch\/wp\/wp-content\/uploads\/2025\/10\/DSCF2270_preview-768x512.jpeg 768w, https:\/\/www.iisvogel.ch\/wp\/wp-content\/uploads\/2025\/10\/DSCF2270_preview-1536x1024.jpeg 1536w, https:\/\/www.iisvogel.ch\/wp\/wp-content\/uploads\/2025\/10\/DSCF2270_preview-2048x1365.jpeg 2048w\" sizes=\"(max-width: 1024px) 100vw, 1024px\" \/><\/a><\/figure>\n\n\n\n<figure class=\"wp-block-image size-large\"><a href=\"https:\/\/www.iisvogel.ch\/wp\/wp-content\/uploads\/2025\/10\/DSCF2260_preview.jpeg\"><img loading=\"lazy\" decoding=\"async\" width=\"1024\" height=\"683\" data-id=\"2077\" src=\"https:\/\/www.iisvogel.ch\/wp\/wp-content\/uploads\/2025\/10\/DSCF2260_preview-1024x683.jpeg\" alt=\"\" class=\"wp-image-2077\" srcset=\"https:\/\/www.iisvogel.ch\/wp\/wp-content\/uploads\/2025\/10\/DSCF2260_preview-1024x683.jpeg 1024w, https:\/\/www.iisvogel.ch\/wp\/wp-content\/uploads\/2025\/10\/DSCF2260_preview-300x200.jpeg 300w, https:\/\/www.iisvogel.ch\/wp\/wp-content\/uploads\/2025\/10\/DSCF2260_preview-768x512.jpeg 768w, https:\/\/www.iisvogel.ch\/wp\/wp-content\/uploads\/2025\/10\/DSCF2260_preview-1536x1024.jpeg 1536w, https:\/\/www.iisvogel.ch\/wp\/wp-content\/uploads\/2025\/10\/DSCF2260_preview-2048x1365.jpeg 2048w\" sizes=\"(max-width: 1024px) 100vw, 1024px\" \/><\/a><\/figure>\n\n\n\n<figure class=\"wp-block-image size-large\"><a href=\"https:\/\/www.iisvogel.ch\/wp\/wp-content\/uploads\/2025\/10\/DSCF2274_preview.jpeg\"><img loading=\"lazy\" decoding=\"async\" width=\"1024\" height=\"683\" data-id=\"2070\" src=\"https:\/\/www.iisvogel.ch\/wp\/wp-content\/uploads\/2025\/10\/DSCF2274_preview-1024x683.jpeg\" alt=\"\" class=\"wp-image-2070\" srcset=\"https:\/\/www.iisvogel.ch\/wp\/wp-content\/uploads\/2025\/10\/DSCF2274_preview-1024x683.jpeg 1024w, https:\/\/www.iisvogel.ch\/wp\/wp-content\/uploads\/2025\/10\/DSCF2274_preview-300x200.jpeg 300w, https:\/\/www.iisvogel.ch\/wp\/wp-content\/uploads\/2025\/10\/DSCF2274_preview-768x512.jpeg 768w, https:\/\/www.iisvogel.ch\/wp\/wp-content\/uploads\/2025\/10\/DSCF2274_preview-1536x1024.jpeg 1536w, https:\/\/www.iisvogel.ch\/wp\/wp-content\/uploads\/2025\/10\/DSCF2274_preview-2048x1365.jpeg 2048w\" sizes=\"(max-width: 1024px) 100vw, 1024px\" \/><\/a><\/figure>\n\n\n\n<figure class=\"wp-block-image size-large\"><a href=\"https:\/\/www.iisvogel.ch\/wp\/wp-content\/uploads\/2025\/10\/DSCF2285_preview.jpeg\"><img loading=\"lazy\" decoding=\"async\" width=\"1024\" height=\"683\" data-id=\"2074\" src=\"https:\/\/www.iisvogel.ch\/wp\/wp-content\/uploads\/2025\/10\/DSCF2285_preview-1024x683.jpeg\" alt=\"\" class=\"wp-image-2074\" srcset=\"https:\/\/www.iisvogel.ch\/wp\/wp-content\/uploads\/2025\/10\/DSCF2285_preview-1024x683.jpeg 1024w, https:\/\/www.iisvogel.ch\/wp\/wp-content\/uploads\/2025\/10\/DSCF2285_preview-300x200.jpeg 300w, https:\/\/www.iisvogel.ch\/wp\/wp-content\/uploads\/2025\/10\/DSCF2285_preview-768x512.jpeg 768w, https:\/\/www.iisvogel.ch\/wp\/wp-content\/uploads\/2025\/10\/DSCF2285_preview-1536x1024.jpeg 1536w, https:\/\/www.iisvogel.ch\/wp\/wp-content\/uploads\/2025\/10\/DSCF2285_preview-2048x1365.jpeg 2048w\" sizes=\"(max-width: 1024px) 100vw, 1024px\" \/><\/a><\/figure>\n\n\n\n<figure class=\"wp-block-image size-large\"><a href=\"https:\/\/www.iisvogel.ch\/wp\/wp-content\/uploads\/2025\/10\/DSCF2305_preview.jpeg\"><img loading=\"lazy\" decoding=\"async\" width=\"1024\" height=\"683\" data-id=\"2073\" src=\"https:\/\/www.iisvogel.ch\/wp\/wp-content\/uploads\/2025\/10\/DSCF2305_preview-1024x683.jpeg\" alt=\"\" class=\"wp-image-2073\" srcset=\"https:\/\/www.iisvogel.ch\/wp\/wp-content\/uploads\/2025\/10\/DSCF2305_preview-1024x683.jpeg 1024w, https:\/\/www.iisvogel.ch\/wp\/wp-content\/uploads\/2025\/10\/DSCF2305_preview-300x200.jpeg 300w, https:\/\/www.iisvogel.ch\/wp\/wp-content\/uploads\/2025\/10\/DSCF2305_preview-768x512.jpeg 768w, https:\/\/www.iisvogel.ch\/wp\/wp-content\/uploads\/2025\/10\/DSCF2305_preview-1536x1024.jpeg 1536w, https:\/\/www.iisvogel.ch\/wp\/wp-content\/uploads\/2025\/10\/DSCF2305_preview-2048x1365.jpeg 2048w\" sizes=\"(max-width: 1024px) 100vw, 1024px\" \/><\/a><\/figure>\n\n\n\n<figure class=\"wp-block-image size-large\"><a href=\"https:\/\/www.iisvogel.ch\/wp\/wp-content\/uploads\/2025\/10\/DSCF2308_preview.jpeg\"><img loading=\"lazy\" decoding=\"async\" width=\"1024\" height=\"683\" data-id=\"2071\" src=\"https:\/\/www.iisvogel.ch\/wp\/wp-content\/uploads\/2025\/10\/DSCF2308_preview-1024x683.jpeg\" alt=\"\" class=\"wp-image-2071\" srcset=\"https:\/\/www.iisvogel.ch\/wp\/wp-content\/uploads\/2025\/10\/DSCF2308_preview-1024x683.jpeg 1024w, https:\/\/www.iisvogel.ch\/wp\/wp-content\/uploads\/2025\/10\/DSCF2308_preview-300x200.jpeg 300w, https:\/\/www.iisvogel.ch\/wp\/wp-content\/uploads\/2025\/10\/DSCF2308_preview-768x512.jpeg 768w, https:\/\/www.iisvogel.ch\/wp\/wp-content\/uploads\/2025\/10\/DSCF2308_preview-1536x1024.jpeg 1536w, https:\/\/www.iisvogel.ch\/wp\/wp-content\/uploads\/2025\/10\/DSCF2308_preview-2048x1365.jpeg 2048w\" sizes=\"(max-width: 1024px) 100vw, 1024px\" \/><\/a><\/figure>\n\n\n\n<figure class=\"wp-block-image size-large\"><a href=\"https:\/\/www.iisvogel.ch\/wp\/wp-content\/uploads\/2025\/10\/DSCF2309_preview.jpeg\"><img loading=\"lazy\" decoding=\"async\" width=\"1024\" height=\"683\" data-id=\"2076\" src=\"https:\/\/www.iisvogel.ch\/wp\/wp-content\/uploads\/2025\/10\/DSCF2309_preview-1024x683.jpeg\" alt=\"\" class=\"wp-image-2076\" srcset=\"https:\/\/www.iisvogel.ch\/wp\/wp-content\/uploads\/2025\/10\/DSCF2309_preview-1024x683.jpeg 1024w, https:\/\/www.iisvogel.ch\/wp\/wp-content\/uploads\/2025\/10\/DSCF2309_preview-300x200.jpeg 300w, https:\/\/www.iisvogel.ch\/wp\/wp-content\/uploads\/2025\/10\/DSCF2309_preview-768x512.jpeg 768w, https:\/\/www.iisvogel.ch\/wp\/wp-content\/uploads\/2025\/10\/DSCF2309_preview-1536x1024.jpeg 1536w, https:\/\/www.iisvogel.ch\/wp\/wp-content\/uploads\/2025\/10\/DSCF2309_preview-2048x1365.jpeg 2048w\" sizes=\"(max-width: 1024px) 100vw, 1024px\" \/><\/a><\/figure>\n\n\n\n<figure class=\"wp-block-image size-large\"><a href=\"https:\/\/www.iisvogel.ch\/wp\/wp-content\/uploads\/2025\/10\/DSCF2320_preview.jpeg\"><img loading=\"lazy\" decoding=\"async\" width=\"1024\" height=\"683\" data-id=\"2072\" src=\"https:\/\/www.iisvogel.ch\/wp\/wp-content\/uploads\/2025\/10\/DSCF2320_preview-1024x683.jpeg\" alt=\"\" class=\"wp-image-2072\" srcset=\"https:\/\/www.iisvogel.ch\/wp\/wp-content\/uploads\/2025\/10\/DSCF2320_preview-1024x683.jpeg 1024w, https:\/\/www.iisvogel.ch\/wp\/wp-content\/uploads\/2025\/10\/DSCF2320_preview-300x200.jpeg 300w, https:\/\/www.iisvogel.ch\/wp\/wp-content\/uploads\/2025\/10\/DSCF2320_preview-768x512.jpeg 768w, https:\/\/www.iisvogel.ch\/wp\/wp-content\/uploads\/2025\/10\/DSCF2320_preview-1536x1024.jpeg 1536w, https:\/\/www.iisvogel.ch\/wp\/wp-content\/uploads\/2025\/10\/DSCF2320_preview-2048x1365.jpeg 2048w\" sizes=\"(max-width: 1024px) 100vw, 1024px\" \/><\/a><figcaption class=\"wp-element-caption\">Landewiese hinter dem einzelnen Baum<\/figcaption><\/figure>\n<\/figure>\n","protected":false},"excerpt":{"rendered":"<p>Begonnen hat die Geschichte damit, dass ich (Danilo) von Andreas am Mittwoch eine Threema-Nachricht erhielt: &#8222;Wirst du deine geplante Tour am Samstag durchf\u00fchren? Zumindest das Wetter m\u00fcsste ja passen&#8230;&#8220; Mein Kalender wusste von nichts, aber ein Blick in das Jahresprogramm offenbarte, dass ich offenbar an der letztj\u00e4hrigen GV eine Tour auf Glegghorn und Falknis ausgeschrieben hatte. Und Andreas hatte recht,&#8230; <a href=\"https:\/\/www.iisvogel.ch\/wp\/?p=2043\">Read more &raquo;<\/a><\/p>\n","protected":false},"author":3,"featured_media":0,"comment_status":"closed","ping_status":"closed","sticky":false,"template":"","format":"standard","meta":{"footnotes":""},"categories":[6],"tags":[50,51,54,53,52],"_links":{"self":[{"href":"https:\/\/www.iisvogel.ch\/wp\/index.php?rest_route=\/wp\/v2\/posts\/2043"}],"collection":[{"href":"https:\/\/www.iisvogel.ch\/wp\/index.php?rest_route=\/wp\/v2\/posts"}],"about":[{"href":"https:\/\/www.iisvogel.ch\/wp\/index.php?rest_route=\/wp\/v2\/types\/post"}],"author":[{"embeddable":true,"href":"https:\/\/www.iisvogel.ch\/wp\/index.php?rest_route=\/wp\/v2\/users\/3"}],"replies":[{"embeddable":true,"href":"https:\/\/www.iisvogel.ch\/wp\/index.php?rest_route=%2Fwp%2Fv2%2Fcomments&post=2043"}],"version-history":[{"count":17,"href":"https:\/\/www.iisvogel.ch\/wp\/index.php?rest_route=\/wp\/v2\/posts\/2043\/revisions"}],"predecessor-version":[{"id":2094,"href":"https:\/\/www.iisvogel.ch\/wp\/index.php?rest_route=\/wp\/v2\/posts\/2043\/revisions\/2094"}],"wp:attachment":[{"href":"https:\/\/www.iisvogel.ch\/wp\/index.php?rest_route=%2Fwp%2Fv2%2Fmedia&parent=2043"}],"wp:term":[{"taxonomy":"category","embeddable":true,"href":"https:\/\/www.iisvogel.ch\/wp\/index.php?rest_route=%2Fwp%2Fv2%2Fcategories&post=2043"},{"taxonomy":"post_tag","embeddable":true,"href":"https:\/\/www.iisvogel.ch\/wp\/index.php?rest_route=%2Fwp%2Fv2%2Ftags&post=2043"}],"curies":[{"name":"wp","href":"https:\/\/api.w.org\/{rel}","templated":true}]}}