{"id":1530,"date":"2025-02-01T22:48:51","date_gmt":"2025-02-01T20:48:51","guid":{"rendered":"https:\/\/www.iisvogel.ch\/wp\/?p=1530"},"modified":"2025-02-07T19:05:06","modified_gmt":"2025-02-07T17:05:06","slug":"paraschi-2025","status":"publish","type":"post","link":"https:\/\/www.iisvogel.ch\/wp\/?p=1530","title":{"rendered":"Paraschi 2025"},"content":{"rendered":"\n<p>Die Ausgangslage f\u00fcr das Paraschi 2025 war nicht wirklich rosig, zum einen sorgten die Wetterprognosen bei einzelnen f\u00fcr Unsicherheit, zum andern dezimierte sich die Iisvogeldelegation nach und nach.&nbsp;&nbsp;Unser elegantester Telemarkfahrer musste aufgrund eines schmerzenden Kn\u00f6chels forfait geben und auch das respekteinfl\u00f6ssende Nati-Renndress blieb, samt dazugeh\u00f6rigem Rennfahrer, zu Hause (Grundangabe: &#8222;Es ist kompliziert!&#8220;). Gl\u00fccklicherweise konnte der Titelverteidiger&nbsp;von der Apothekerin seines Vertrauens noch rechtzeitig &#8222;gesund gemacht&#8220; werden und so konnten zwei erfahrene Athleten und ein&nbsp;Greenhorn&nbsp;am Paraschi starten.<\/p>\n\n\n\n<p>Nach einem knappen&nbsp;Briefing fand gleich die Rennstreckenbesichtigung statt welche die Teilnehmer allesamt absolut regelwidrig zur Probefahrt nutzten. Alex&nbsp;belauschte&nbsp;danach &#8211; unbeabsichtigt? &#8211;&nbsp;&nbsp;den ehemaligen Skirennfahrer Clemens Spichtig, der seinem Kollegen einen heissen Tipp gab.&nbsp;Ob sich Alex dadurch einen Vorteil in seiner schw\u00e4chsten Disziplin&nbsp;&nbsp;verschaffen konnte?&nbsp;<\/p>\n\n\n\n<figure class=\"wp-block-gallery has-nested-images columns-default is-cropped wp-block-gallery-1 is-layout-flex wp-block-gallery-is-layout-flex\">\n<figure class=\"wp-block-image size-large\"><a href=\"https:\/\/www.iisvogel.ch\/wp\/wp-content\/uploads\/2025\/02\/image-20250201-204949-061.jpeg\"><img loading=\"lazy\" decoding=\"async\" width=\"1024\" height=\"768\" data-id=\"1531\" src=\"https:\/\/www.iisvogel.ch\/wp\/wp-content\/uploads\/2025\/02\/image-20250201-204949-061-1024x768.jpeg\" alt=\"\" class=\"wp-image-1531\" srcset=\"https:\/\/www.iisvogel.ch\/wp\/wp-content\/uploads\/2025\/02\/image-20250201-204949-061-1024x768.jpeg 1024w, https:\/\/www.iisvogel.ch\/wp\/wp-content\/uploads\/2025\/02\/image-20250201-204949-061-300x225.jpeg 300w, https:\/\/www.iisvogel.ch\/wp\/wp-content\/uploads\/2025\/02\/image-20250201-204949-061-768x576.jpeg 768w, https:\/\/www.iisvogel.ch\/wp\/wp-content\/uploads\/2025\/02\/image-20250201-204949-061-1536x1152.jpeg 1536w, https:\/\/www.iisvogel.ch\/wp\/wp-content\/uploads\/2025\/02\/image-20250201-204949-061-70x53.jpeg 70w, https:\/\/www.iisvogel.ch\/wp\/wp-content\/uploads\/2025\/02\/image-20250201-204949-061.jpeg 1600w\" sizes=\"(max-width: 1024px) 100vw, 1024px\" \/><\/a><\/figure>\n<\/figure>\n\n\n\n<p>Kurz vor dem Rennstart kam pl\u00f6tzlich doch noch Hektik auf,&nbsp;&nbsp;ein langj\u00e4hriges Groupie wollte unbedingt noch ein Foto von den Iisv\u00f6gel.&nbsp;J\u00f6rg nahm&#8217;s gelassen obwohl Startnummer 13 bereits gestartet war. Beim Skirennen ist die Linienwahl entscheidend und so wurden die&nbsp;Tore ohne Protektoren voll auf Kontakt angefahren. Solange man dabei Ellbogen nicht ausf\u00e4hrt funktioniert das sogar schmerzfrei, das weiss das Greenhorn jetzt auch!<\/p>\n\n\n\n<figure class=\"wp-block-gallery has-nested-images columns-default is-cropped wp-block-gallery-2 is-layout-flex wp-block-gallery-is-layout-flex\">\n<figure class=\"wp-block-image size-large\"><a href=\"https:\/\/www.iisvogel.ch\/wp\/wp-content\/uploads\/2025\/02\/Bildschirmfoto-2025-02-03-um-21.23.29.png\"><img loading=\"lazy\" decoding=\"async\" width=\"973\" height=\"687\" data-id=\"1534\" src=\"https:\/\/www.iisvogel.ch\/wp\/wp-content\/uploads\/2025\/02\/Bildschirmfoto-2025-02-03-um-21.23.29.png\" alt=\"\" class=\"wp-image-1534\" srcset=\"https:\/\/www.iisvogel.ch\/wp\/wp-content\/uploads\/2025\/02\/Bildschirmfoto-2025-02-03-um-21.23.29.png 973w, https:\/\/www.iisvogel.ch\/wp\/wp-content\/uploads\/2025\/02\/Bildschirmfoto-2025-02-03-um-21.23.29-300x212.png 300w, https:\/\/www.iisvogel.ch\/wp\/wp-content\/uploads\/2025\/02\/Bildschirmfoto-2025-02-03-um-21.23.29-768x542.png 768w\" sizes=\"(max-width: 973px) 100vw, 973px\" \/><\/a><\/figure>\n<\/figure>\n\n\n\n<p>Die Strategie f\u00fcr die anschliessende Flugdisziplinen war,&nbsp;wie bei den Iisv\u00f6gel so \u00fcblich, unterschiedlich. So starten J\u00f6rg und Simon mit Skiern, Alex ohne.&nbsp;J\u00f6rg er\u00f6ffnete f\u00fcr die Iisv\u00f6gel, leider verwechselte er aus unbekannten Gr\u00fcnden den &#8222;Touch and Go&#8220;&nbsp;&nbsp;mit dem &#8220; Touch and Lunch&#8220;,&nbsp;&nbsp;ob das vielleicht an seiner Zusatzaufgabe bei den Iisv\u00f6geln liegt?<\/p>\n\n\n\n<p>Als Greenhorn Simon&nbsp;nach gegl\u00fccktem Touch and Go \u00fcber den gegroundeten J\u00f6rg hinweg flog, sp\u00fcrte er wie sich der Druck auf ihn schlagartig erh\u00f6hte, schliesslich wollte man die Pl\u00e4tze 1&amp;3 vom letzten Jahr verteidigen. Simon gab Alles und verpatzte die Ziellandung komplett.&nbsp;&nbsp;J\u00f6rg landete nach seinem Neustart punktgenau auf dem Zielschwein und konnte dank akrobatischer H\u00f6chstleistung den anschliessenden Sturz gerade noch verhindern.&nbsp;Der Vollst\u00e4ndigkeit halber sei erw\u00e4hnt, dass Alex selbstverst\u00e4ndlich die beiden Flugdisziplinen mit der \u00fcblichen Souver\u00e4nit\u00e4t absolvierte.<\/p>\n\n\n\n<figure class=\"wp-block-gallery has-nested-images columns-2 is-cropped wp-block-gallery-3 is-layout-flex wp-block-gallery-is-layout-flex\">\n<figure class=\"wp-block-image size-large\"><a href=\"https:\/\/www.iisvogel.ch\/wp\/wp-content\/uploads\/2025\/02\/image-20250201-132619-227.jpeg\"><img loading=\"lazy\" decoding=\"async\" width=\"1024\" height=\"768\" data-id=\"1535\" src=\"https:\/\/www.iisvogel.ch\/wp\/wp-content\/uploads\/2025\/02\/image-20250201-132619-227-1024x768.jpeg\" alt=\"\" class=\"wp-image-1535\" srcset=\"https:\/\/www.iisvogel.ch\/wp\/wp-content\/uploads\/2025\/02\/image-20250201-132619-227-1024x768.jpeg 1024w, https:\/\/www.iisvogel.ch\/wp\/wp-content\/uploads\/2025\/02\/image-20250201-132619-227-300x225.jpeg 300w, https:\/\/www.iisvogel.ch\/wp\/wp-content\/uploads\/2025\/02\/image-20250201-132619-227-768x576.jpeg 768w, https:\/\/www.iisvogel.ch\/wp\/wp-content\/uploads\/2025\/02\/image-20250201-132619-227-1536x1152.jpeg 1536w, https:\/\/www.iisvogel.ch\/wp\/wp-content\/uploads\/2025\/02\/image-20250201-132619-227-70x53.jpeg 70w, https:\/\/www.iisvogel.ch\/wp\/wp-content\/uploads\/2025\/02\/image-20250201-132619-227.jpeg 1600w\" sizes=\"(max-width: 1024px) 100vw, 1024px\" \/><\/a><\/figure>\n\n\n\n<figure class=\"wp-block-image size-large\"><a href=\"https:\/\/www.iisvogel.ch\/wp\/wp-content\/uploads\/2025\/02\/image-20250201-132522-824.jpeg\"><img loading=\"lazy\" decoding=\"async\" width=\"1024\" height=\"768\" data-id=\"1536\" src=\"https:\/\/www.iisvogel.ch\/wp\/wp-content\/uploads\/2025\/02\/image-20250201-132522-824-1024x768.jpeg\" alt=\"\" class=\"wp-image-1536\" srcset=\"https:\/\/www.iisvogel.ch\/wp\/wp-content\/uploads\/2025\/02\/image-20250201-132522-824-1024x768.jpeg 1024w, https:\/\/www.iisvogel.ch\/wp\/wp-content\/uploads\/2025\/02\/image-20250201-132522-824-300x225.jpeg 300w, https:\/\/www.iisvogel.ch\/wp\/wp-content\/uploads\/2025\/02\/image-20250201-132522-824-768x576.jpeg 768w, https:\/\/www.iisvogel.ch\/wp\/wp-content\/uploads\/2025\/02\/image-20250201-132522-824-1536x1152.jpeg 1536w, https:\/\/www.iisvogel.ch\/wp\/wp-content\/uploads\/2025\/02\/image-20250201-132522-824-70x53.jpeg 70w, https:\/\/www.iisvogel.ch\/wp\/wp-content\/uploads\/2025\/02\/image-20250201-132522-824.jpeg 1600w\" sizes=\"(max-width: 1024px) 100vw, 1024px\" \/><\/a><\/figure>\n\n\n\n<figure class=\"wp-block-image size-large\"><a href=\"https:\/\/www.iisvogel.ch\/wp\/wp-content\/uploads\/2025\/02\/Bildschirmfoto-2025-02-03-um-21.20.37.png\"><img loading=\"lazy\" decoding=\"async\" width=\"320\" height=\"293\" data-id=\"1533\" src=\"https:\/\/www.iisvogel.ch\/wp\/wp-content\/uploads\/2025\/02\/Bildschirmfoto-2025-02-03-um-21.20.37.png\" alt=\"\" class=\"wp-image-1533\" srcset=\"https:\/\/www.iisvogel.ch\/wp\/wp-content\/uploads\/2025\/02\/Bildschirmfoto-2025-02-03-um-21.20.37.png 320w, https:\/\/www.iisvogel.ch\/wp\/wp-content\/uploads\/2025\/02\/Bildschirmfoto-2025-02-03-um-21.20.37-300x275.png 300w\" sizes=\"(max-width: 320px) 100vw, 320px\" \/><\/a><\/figure>\n\n\n\n<figure class=\"wp-block-image size-large\"><a href=\"https:\/\/www.iisvogel.ch\/wp\/wp-content\/uploads\/2025\/02\/Bildschirmfoto-2025-02-03-um-21.18.57.png\"><img loading=\"lazy\" decoding=\"async\" width=\"452\" height=\"649\" data-id=\"1532\" src=\"https:\/\/www.iisvogel.ch\/wp\/wp-content\/uploads\/2025\/02\/Bildschirmfoto-2025-02-03-um-21.18.57.png\" alt=\"\" class=\"wp-image-1532\" srcset=\"https:\/\/www.iisvogel.ch\/wp\/wp-content\/uploads\/2025\/02\/Bildschirmfoto-2025-02-03-um-21.18.57.png 452w, https:\/\/www.iisvogel.ch\/wp\/wp-content\/uploads\/2025\/02\/Bildschirmfoto-2025-02-03-um-21.18.57-209x300.png 209w\" sizes=\"(max-width: 452px) 100vw, 452px\" \/><\/a><\/figure>\n<\/figure>\n\n\n\n<p>Nach leckerer und preiswerter St\u00e4rkung durch die&nbsp;&nbsp;Festwirtschaft des GC Grischa&nbsp;&nbsp;ging&#8217;s f\u00fcr 2 der&nbsp;&nbsp;Iisv\u00f6gel nochmals hoch ins Skigebiet, sie wollten unbedingt herausfinden ob bei ihren Fehlern Pech im Spiel war. Und siehe da, auch J\u00f6rg verstand jetzt&nbsp;&nbsp;den Unterschied zwischen Touch &amp; Go&nbsp;&nbsp;und Touch &amp; Lunch,&nbsp;&nbsp;doch Simon&nbsp;&nbsp;landete erneut ganz genau 5 m vor dem Kreis. Da muss noch schwer an der Peilung gearbeitet werden!<\/p>\n\n\n\n<p>Die Rangverk\u00fcndigung begann,&nbsp;&nbsp;um die Spannung zu steigern, vom letzten Rang aus. Sp\u00e4testens so&nbsp;ab Rang 5 dachte jeder, dass man wohl irgendwo den Alex vergessen haben muss\u2026. Aber nein, den alten Mann mit Gleitschirm darf man auch beim Skifahren nicht untersch\u00e4tzen, er holte sich wie&nbsp;bereits im letzten Jahr Rang 1.<\/p>\n\n\n\n<p>Dank der weisen Voraussicht von J\u00f6rg, konnten wir den Sieg&nbsp;&nbsp;anschliessend auf unseren reservierten Pl\u00e4tzen in der Pizzeria gem\u00fctlich feiern.&nbsp;<\/p>\n\n\n\n<p>Besten Dank an dieser Stelle an unseren&nbsp;&nbsp;treuen Fanclub (heute vertreten durch Babette und Claude) und GC Grischa f\u00fcr de Organisation des sehr gelungen Anlasses.<\/p>\n\n\n\n<p><strong>Iisvogel Rangliste<\/strong><\/p>\n\n\n\n<figure class=\"wp-block-table\"><table><tbody><tr><td>Name<\/td><td>Ski<\/td><td>Touch &amp; Go<\/td><td>Ziellandung<\/td><td>Rang<\/td><td>Preisgeld<\/td><\/tr><tr><td>Alex<\/td><td>829<\/td><td>300<\/td><td>1000<\/td><td>1<\/td><td>6h Skiunterricht durch Skilehrer<\/td><\/tr><tr><td>J\u00f6rg<\/td><td>514<\/td><td>&#8211;<\/td><td>1000<\/td><td>10<\/td><td>Neue Handschuhe f\u00fcr Babette<\/td><\/tr><tr><td>Simon<\/td><td>429<\/td><td>300<\/td><td>729<\/td><td>28<\/td><td>DVD Streckenfluggebiete,<br>&nbsp;Punktlandecoaching durch Alex \ud83d\ude09<\/td><\/tr><\/tbody><\/table><figcaption class=\"wp-element-caption\">Hier noch der Link zur offiziellen Rangliste:<br><a href=\"https:\/\/gc-grischa.ch\/wp-content\/uploads\/2025\/02\/Paraschi2025_Auswertung_Final_250203.pdf\">https:\/\/gc-grischa.ch\/wp-content\/uploads\/2025\/02\/Paraschi2025_Auswertung_Final_250203.pdf<\/a><\/figcaption><\/figure>\n\n\n\n<p><br>Simon<\/p>\n","protected":false},"excerpt":{"rendered":"<p>Die Ausgangslage f\u00fcr das Paraschi 2025 war nicht wirklich rosig, zum einen sorgten die Wetterprognosen bei einzelnen f\u00fcr Unsicherheit, zum andern dezimierte sich die Iisvogeldelegation nach und nach.&nbsp;&nbsp;Unser elegantester Telemarkfahrer musste aufgrund eines schmerzenden Kn\u00f6chels forfait geben und auch das respekteinfl\u00f6ssende Nati-Renndress blieb, samt dazugeh\u00f6rigem Rennfahrer, zu Hause (Grundangabe: &#8222;Es ist kompliziert!&#8220;). Gl\u00fccklicherweise konnte der Titelverteidiger&nbsp;von der Apothekerin seines Vertrauens&#8230; <a href=\"https:\/\/www.iisvogel.ch\/wp\/?p=1530\">Read more &raquo;<\/a><\/p>\n","protected":false},"author":1,"featured_media":0,"comment_status":"closed","ping_status":"closed","sticky":false,"template":"","format":"standard","meta":{"footnotes":""},"categories":[34],"tags":[44,39,42,43],"_links":{"self":[{"href":"https:\/\/www.iisvogel.ch\/wp\/index.php?rest_route=\/wp\/v2\/posts\/1530"}],"collection":[{"href":"https:\/\/www.iisvogel.ch\/wp\/index.php?rest_route=\/wp\/v2\/posts"}],"about":[{"href":"https:\/\/www.iisvogel.ch\/wp\/index.php?rest_route=\/wp\/v2\/types\/post"}],"author":[{"embeddable":true,"href":"https:\/\/www.iisvogel.ch\/wp\/index.php?rest_route=\/wp\/v2\/users\/1"}],"replies":[{"embeddable":true,"href":"https:\/\/www.iisvogel.ch\/wp\/index.php?rest_route=%2Fwp%2Fv2%2Fcomments&post=1530"}],"version-history":[{"count":5,"href":"https:\/\/www.iisvogel.ch\/wp\/index.php?rest_route=\/wp\/v2\/posts\/1530\/revisions"}],"predecessor-version":[{"id":1545,"href":"https:\/\/www.iisvogel.ch\/wp\/index.php?rest_route=\/wp\/v2\/posts\/1530\/revisions\/1545"}],"wp:attachment":[{"href":"https:\/\/www.iisvogel.ch\/wp\/index.php?rest_route=%2Fwp%2Fv2%2Fmedia&parent=1530"}],"wp:term":[{"taxonomy":"category","embeddable":true,"href":"https:\/\/www.iisvogel.ch\/wp\/index.php?rest_route=%2Fwp%2Fv2%2Fcategories&post=1530"},{"taxonomy":"post_tag","embeddable":true,"href":"https:\/\/www.iisvogel.ch\/wp\/index.php?rest_route=%2Fwp%2Fv2%2Ftags&post=1530"}],"curies":[{"name":"wp","href":"https:\/\/api.w.org\/{rel}","templated":true}]}}