{"id":1296,"date":"2023-09-02T23:36:41","date_gmt":"2023-09-02T21:36:41","guid":{"rendered":"https:\/\/www.iisvogel.ch\/wp\/?p=1296"},"modified":"2024-12-24T14:58:18","modified_gmt":"2024-12-24T12:58:18","slug":"selun-2","status":"publish","type":"post","link":"https:\/\/www.iisvogel.ch\/wp\/?p=1296","title":{"rendered":"Selun"},"content":{"rendered":"\n<p>Eigentlich hatte Andr\u00e9 ja eine Tour auf den Chli Aubrig ausgeschrieben. Aber angesichts der prognostizierten Bisentendenz wurde dann doch der Selun als Tagesziel ausgew\u00e4hlt.<\/p>\n\n\n\n<p>Nachdem wir zu dritt bei der Selunbahn angekommen waren, die Ern\u00fcchterung: Es hatte schon so viele wartende Leute, dass wir \u00fcber eine Stunde warten mussten. Die Wartezeit war jedoch kurzweilig, so konnten wir beispielsweise dem Alpabzug zuschauen und \u00fcber Toggenburger vs. Appenzeller Trachten fachsimpeln. Als wir dann auch endlich an der Reihe waren, konnten wir in der Kiste gem\u00fctlich zum Strichboden hochfahren.<\/p>\n\n\n\n<figure class=\"wp-block-gallery has-nested-images columns-default is-cropped wp-block-gallery-1 is-layout-flex wp-block-gallery-is-layout-flex\">\n<figure class=\"wp-block-image size-large\"><a href=\"https:\/\/www.iisvogel.ch\/wp\/wp-content\/uploads\/2023\/09\/PXL_20230902_092244345.MP_-scaled.jpg\"><img loading=\"lazy\" decoding=\"async\" width=\"1024\" height=\"576\" data-id=\"1300\" src=\"https:\/\/www.iisvogel.ch\/wp\/wp-content\/uploads\/2023\/09\/PXL_20230902_092244345.MP_-1024x576.jpg\" alt=\"\" class=\"wp-image-1300\" srcset=\"https:\/\/www.iisvogel.ch\/wp\/wp-content\/uploads\/2023\/09\/PXL_20230902_092244345.MP_-1024x576.jpg 1024w, https:\/\/www.iisvogel.ch\/wp\/wp-content\/uploads\/2023\/09\/PXL_20230902_092244345.MP_-300x169.jpg 300w, https:\/\/www.iisvogel.ch\/wp\/wp-content\/uploads\/2023\/09\/PXL_20230902_092244345.MP_-768x432.jpg 768w, https:\/\/www.iisvogel.ch\/wp\/wp-content\/uploads\/2023\/09\/PXL_20230902_092244345.MP_-1536x864.jpg 1536w, https:\/\/www.iisvogel.ch\/wp\/wp-content\/uploads\/2023\/09\/PXL_20230902_092244345.MP_-2048x1152.jpg 2048w\" sizes=\"(max-width: 1024px) 100vw, 1024px\" \/><\/a><\/figure>\n\n\n\n<figure class=\"wp-block-image size-large\"><a href=\"https:\/\/www.iisvogel.ch\/wp\/wp-content\/uploads\/2023\/09\/PXL_20230902_094106008-scaled.jpg\"><img loading=\"lazy\" decoding=\"async\" width=\"1024\" height=\"576\" data-id=\"1299\" src=\"https:\/\/www.iisvogel.ch\/wp\/wp-content\/uploads\/2023\/09\/PXL_20230902_094106008-1024x576.jpg\" alt=\"\" class=\"wp-image-1299\" srcset=\"https:\/\/www.iisvogel.ch\/wp\/wp-content\/uploads\/2023\/09\/PXL_20230902_094106008-1024x576.jpg 1024w, https:\/\/www.iisvogel.ch\/wp\/wp-content\/uploads\/2023\/09\/PXL_20230902_094106008-300x169.jpg 300w, https:\/\/www.iisvogel.ch\/wp\/wp-content\/uploads\/2023\/09\/PXL_20230902_094106008-768x432.jpg 768w, https:\/\/www.iisvogel.ch\/wp\/wp-content\/uploads\/2023\/09\/PXL_20230902_094106008-1536x864.jpg 1536w, https:\/\/www.iisvogel.ch\/wp\/wp-content\/uploads\/2023\/09\/PXL_20230902_094106008-2048x1152.jpg 2048w\" sizes=\"(max-width: 1024px) 100vw, 1024px\" \/><\/a><\/figure>\n<\/figure>\n\n\n\n<p>Von der Bergstation an ging&#8217;s zu Fuss weiter. Die 627 H\u00f6henmeter sind zwar nicht gerade abwechslungsreich, daf\u00fcr ist die Aussicht top. Oben angekommen dann der lohnende Blick \u00fcber die S\u00fcdw\u00e4nde auf den Walensee.<\/p>\n\n\n\n<figure class=\"wp-block-gallery has-nested-images columns-default is-cropped wp-block-gallery-2 is-layout-flex wp-block-gallery-is-layout-flex\">\n<figure class=\"wp-block-image size-large\"><a href=\"https:\/\/www.iisvogel.ch\/wp\/wp-content\/uploads\/2023\/09\/PXL_20230902_101203922-scaled.jpg\"><img loading=\"lazy\" decoding=\"async\" width=\"1024\" height=\"576\" data-id=\"1302\" src=\"https:\/\/www.iisvogel.ch\/wp\/wp-content\/uploads\/2023\/09\/PXL_20230902_101203922-1024x576.jpg\" alt=\"\" class=\"wp-image-1302\" srcset=\"https:\/\/www.iisvogel.ch\/wp\/wp-content\/uploads\/2023\/09\/PXL_20230902_101203922-1024x576.jpg 1024w, https:\/\/www.iisvogel.ch\/wp\/wp-content\/uploads\/2023\/09\/PXL_20230902_101203922-300x169.jpg 300w, https:\/\/www.iisvogel.ch\/wp\/wp-content\/uploads\/2023\/09\/PXL_20230902_101203922-768x432.jpg 768w, https:\/\/www.iisvogel.ch\/wp\/wp-content\/uploads\/2023\/09\/PXL_20230902_101203922-1536x864.jpg 1536w, https:\/\/www.iisvogel.ch\/wp\/wp-content\/uploads\/2023\/09\/PXL_20230902_101203922-2048x1152.jpg 2048w\" sizes=\"(max-width: 1024px) 100vw, 1024px\" \/><\/a><\/figure>\n\n\n\n<figure class=\"wp-block-image size-large\"><a href=\"https:\/\/www.iisvogel.ch\/wp\/wp-content\/uploads\/2023\/09\/PXL_20230902_110703163-scaled.jpg\"><img loading=\"lazy\" decoding=\"async\" width=\"1024\" height=\"576\" data-id=\"1301\" src=\"https:\/\/www.iisvogel.ch\/wp\/wp-content\/uploads\/2023\/09\/PXL_20230902_110703163-1024x576.jpg\" alt=\"\" class=\"wp-image-1301\" srcset=\"https:\/\/www.iisvogel.ch\/wp\/wp-content\/uploads\/2023\/09\/PXL_20230902_110703163-1024x576.jpg 1024w, https:\/\/www.iisvogel.ch\/wp\/wp-content\/uploads\/2023\/09\/PXL_20230902_110703163-300x169.jpg 300w, https:\/\/www.iisvogel.ch\/wp\/wp-content\/uploads\/2023\/09\/PXL_20230902_110703163-768x432.jpg 768w, https:\/\/www.iisvogel.ch\/wp\/wp-content\/uploads\/2023\/09\/PXL_20230902_110703163-1536x864.jpg 1536w, https:\/\/www.iisvogel.ch\/wp\/wp-content\/uploads\/2023\/09\/PXL_20230902_110703163-2048x1152.jpg 2048w\" sizes=\"(max-width: 1024px) 100vw, 1024px\" \/><\/a><\/figure>\n\n\n\n<figure class=\"wp-block-image size-large\"><a href=\"https:\/\/www.iisvogel.ch\/wp\/wp-content\/uploads\/2023\/09\/PXL_20230902_111341259-scaled.jpg\"><img loading=\"lazy\" decoding=\"async\" width=\"1024\" height=\"576\" data-id=\"1303\" src=\"https:\/\/www.iisvogel.ch\/wp\/wp-content\/uploads\/2023\/09\/PXL_20230902_111341259-1024x576.jpg\" alt=\"\" class=\"wp-image-1303\" srcset=\"https:\/\/www.iisvogel.ch\/wp\/wp-content\/uploads\/2023\/09\/PXL_20230902_111341259-1024x576.jpg 1024w, https:\/\/www.iisvogel.ch\/wp\/wp-content\/uploads\/2023\/09\/PXL_20230902_111341259-300x169.jpg 300w, https:\/\/www.iisvogel.ch\/wp\/wp-content\/uploads\/2023\/09\/PXL_20230902_111341259-768x432.jpg 768w, https:\/\/www.iisvogel.ch\/wp\/wp-content\/uploads\/2023\/09\/PXL_20230902_111341259-1536x864.jpg 1536w, https:\/\/www.iisvogel.ch\/wp\/wp-content\/uploads\/2023\/09\/PXL_20230902_111341259-2048x1152.jpg 2048w\" sizes=\"(max-width: 1024px) 100vw, 1024px\" \/><\/a><\/figure>\n\n\n\n<figure class=\"wp-block-image size-large\"><a href=\"https:\/\/www.iisvogel.ch\/wp\/wp-content\/uploads\/2023\/09\/PXL_20230902_113925203-scaled.jpg\"><img loading=\"lazy\" decoding=\"async\" width=\"1024\" height=\"576\" data-id=\"1304\" src=\"https:\/\/www.iisvogel.ch\/wp\/wp-content\/uploads\/2023\/09\/PXL_20230902_113925203-1024x576.jpg\" alt=\"\" class=\"wp-image-1304\" srcset=\"https:\/\/www.iisvogel.ch\/wp\/wp-content\/uploads\/2023\/09\/PXL_20230902_113925203-1024x576.jpg 1024w, https:\/\/www.iisvogel.ch\/wp\/wp-content\/uploads\/2023\/09\/PXL_20230902_113925203-300x169.jpg 300w, https:\/\/www.iisvogel.ch\/wp\/wp-content\/uploads\/2023\/09\/PXL_20230902_113925203-768x432.jpg 768w, https:\/\/www.iisvogel.ch\/wp\/wp-content\/uploads\/2023\/09\/PXL_20230902_113925203-1536x864.jpg 1536w, https:\/\/www.iisvogel.ch\/wp\/wp-content\/uploads\/2023\/09\/PXL_20230902_113925203-2048x1152.jpg 2048w\" sizes=\"(max-width: 1024px) 100vw, 1024px\" \/><\/a><\/figure>\n<\/figure>\n\n\n\n<!--more-->\n\n\n\n<p>Beim Aufstieg diskutierten wir bereits unsere Flugziele. Andr\u00e9 wollte zum Auto zur\u00fcck, Oli in Richtung Heimat, und ich (Danilo) zur Linth-Ebene. Der Wind erschien uns gut, \u00fcber den Gipfeln standen bereits die Quellwolken und in der Ferne konnten wir einigen Schirmen beim Aufdrehen zusehen.<\/p>\n\n\n\n<p>Am Selungipfel dann die Ern\u00fcchterung: Der Wind kam am Gipfel anders als prognostiziert z\u00fcgig von Osten und manchmal thermisch von S\u00fcden. Wenn wir etwas weiter absteigen um im gesch\u00fctzten Bereich zu starten, k\u00f6nnen wir hingegen nicht direkt auf die S\u00fcdseite wechseln. Alles nicht optimal. Oli und ich erw\u00e4gten kurz einen Start in den steilen Wiesen gegen S\u00fcden, verwarfen den Gedanken aber rasch wieder. Daher entschieden wir uns doch daf\u00fcr, 30m abzusteigen und nach Norden zu starten, mit viel schlechteren Thermik-Aussichten.<\/p>\n\n\n\n<p>Beim Auslegen der Schirme \u00e4nderte sich das Wolkenbild jedoch pl\u00f6tzlich. Eine andere Luftmasse dr\u00e4ngte von Norden her an die Churfirsten heran, die Basis senkte sich rasch ab, und pl\u00f6tzlich kondensierte es um uns herum. Zudem drehte der Wind auf n\u00f6rdliche Richtungen. Rasch starteten wir, um nicht pl\u00f6tzlich im Nebel zu stehen.<\/p>\n\n\n\n<p>Mir gelang es dann doch wider Erwarten, nach dem Start auf die S\u00fcdseite zu wechseln. Dort erwartete mich jedoch keine sch\u00f6ne Thermik (wie 30 Minuten zuvor), sondern ein etwas unruhiges Lee. Ich fl\u00fcchtete in Richtung See, suchte dort die Felsen nach Thermik ab, aber wurde nicht f\u00fcndig. Eine halbe Stunde sp\u00e4ter landete ich in Walenstadt.<\/p>\n\n\n\n<p>Oli zog es nach Osten zum Gr\u00e4ppelensee, aber der Gr\u00e4ppelensee-Schlauch war nicht da, und so landete er in Unterwasser.<\/p>\n\n\n\n<p>Andr\u00e9 landete unter mysteri\u00f6sen Umst\u00e4nden nicht in Starkenbach beim Auto, sondern auf der Sellamatt, und genoss eine Talfahrt mit der Bahn.<\/p>\n\n\n\n<figure class=\"wp-block-gallery has-nested-images columns-default is-cropped wp-block-gallery-3 is-layout-flex wp-block-gallery-is-layout-flex\">\n<figure class=\"wp-block-image size-large\"><a href=\"https:\/\/www.iisvogel.ch\/wp\/wp-content\/uploads\/2023\/09\/PXL_20230902_123500519-scaled.jpg\"><img loading=\"lazy\" decoding=\"async\" width=\"1024\" height=\"576\" data-id=\"1308\" src=\"https:\/\/www.iisvogel.ch\/wp\/wp-content\/uploads\/2023\/09\/PXL_20230902_123500519-1024x576.jpg\" alt=\"\" class=\"wp-image-1308\" srcset=\"https:\/\/www.iisvogel.ch\/wp\/wp-content\/uploads\/2023\/09\/PXL_20230902_123500519-1024x576.jpg 1024w, https:\/\/www.iisvogel.ch\/wp\/wp-content\/uploads\/2023\/09\/PXL_20230902_123500519-300x169.jpg 300w, https:\/\/www.iisvogel.ch\/wp\/wp-content\/uploads\/2023\/09\/PXL_20230902_123500519-768x432.jpg 768w, https:\/\/www.iisvogel.ch\/wp\/wp-content\/uploads\/2023\/09\/PXL_20230902_123500519-1536x864.jpg 1536w, https:\/\/www.iisvogel.ch\/wp\/wp-content\/uploads\/2023\/09\/PXL_20230902_123500519-2048x1152.jpg 2048w\" sizes=\"(max-width: 1024px) 100vw, 1024px\" \/><\/a><\/figure>\n\n\n\n<figure class=\"wp-block-image size-large\"><a href=\"https:\/\/www.iisvogel.ch\/wp\/wp-content\/uploads\/2023\/09\/20230902_144825-scaled.jpg\"><img loading=\"lazy\" decoding=\"async\" width=\"1024\" height=\"461\" data-id=\"1305\" src=\"https:\/\/www.iisvogel.ch\/wp\/wp-content\/uploads\/2023\/09\/20230902_144825-1024x461.jpg\" alt=\"\" class=\"wp-image-1305\" srcset=\"https:\/\/www.iisvogel.ch\/wp\/wp-content\/uploads\/2023\/09\/20230902_144825-1024x461.jpg 1024w, https:\/\/www.iisvogel.ch\/wp\/wp-content\/uploads\/2023\/09\/20230902_144825-300x135.jpg 300w, https:\/\/www.iisvogel.ch\/wp\/wp-content\/uploads\/2023\/09\/20230902_144825-768x346.jpg 768w, https:\/\/www.iisvogel.ch\/wp\/wp-content\/uploads\/2023\/09\/20230902_144825-1536x691.jpg 1536w, https:\/\/www.iisvogel.ch\/wp\/wp-content\/uploads\/2023\/09\/20230902_144825-2048x922.jpg 2048w\" sizes=\"(max-width: 1024px) 100vw, 1024px\" \/><\/a><\/figure>\n\n\n\n<figure class=\"wp-block-image size-large\"><a href=\"https:\/\/www.iisvogel.ch\/wp\/wp-content\/uploads\/2023\/09\/PXL_20230902_130655484-scaled.jpg\"><img loading=\"lazy\" decoding=\"async\" width=\"1024\" height=\"576\" data-id=\"1306\" src=\"https:\/\/www.iisvogel.ch\/wp\/wp-content\/uploads\/2023\/09\/PXL_20230902_130655484-1024x576.jpg\" alt=\"\" class=\"wp-image-1306\" srcset=\"https:\/\/www.iisvogel.ch\/wp\/wp-content\/uploads\/2023\/09\/PXL_20230902_130655484-1024x576.jpg 1024w, https:\/\/www.iisvogel.ch\/wp\/wp-content\/uploads\/2023\/09\/PXL_20230902_130655484-300x169.jpg 300w, https:\/\/www.iisvogel.ch\/wp\/wp-content\/uploads\/2023\/09\/PXL_20230902_130655484-768x432.jpg 768w, https:\/\/www.iisvogel.ch\/wp\/wp-content\/uploads\/2023\/09\/PXL_20230902_130655484-1536x864.jpg 1536w, https:\/\/www.iisvogel.ch\/wp\/wp-content\/uploads\/2023\/09\/PXL_20230902_130655484-2048x1152.jpg 2048w\" sizes=\"(max-width: 1024px) 100vw, 1024px\" \/><\/a><\/figure>\n\n\n\n<figure class=\"wp-block-image size-large\"><a href=\"https:\/\/www.iisvogel.ch\/wp\/wp-content\/uploads\/2023\/09\/PXL_20230902_130710882-scaled.jpg\"><img loading=\"lazy\" decoding=\"async\" width=\"1024\" height=\"576\" data-id=\"1310\" src=\"https:\/\/www.iisvogel.ch\/wp\/wp-content\/uploads\/2023\/09\/PXL_20230902_130710882-1024x576.jpg\" alt=\"\" class=\"wp-image-1310\" srcset=\"https:\/\/www.iisvogel.ch\/wp\/wp-content\/uploads\/2023\/09\/PXL_20230902_130710882-1024x576.jpg 1024w, https:\/\/www.iisvogel.ch\/wp\/wp-content\/uploads\/2023\/09\/PXL_20230902_130710882-300x169.jpg 300w, https:\/\/www.iisvogel.ch\/wp\/wp-content\/uploads\/2023\/09\/PXL_20230902_130710882-768x432.jpg 768w, https:\/\/www.iisvogel.ch\/wp\/wp-content\/uploads\/2023\/09\/PXL_20230902_130710882-1536x864.jpg 1536w, https:\/\/www.iisvogel.ch\/wp\/wp-content\/uploads\/2023\/09\/PXL_20230902_130710882-2048x1152.jpg 2048w\" sizes=\"(max-width: 1024px) 100vw, 1024px\" \/><\/a><\/figure>\n\n\n\n<figure class=\"wp-block-image size-large\"><a href=\"https:\/\/www.iisvogel.ch\/wp\/wp-content\/uploads\/2023\/09\/PXL_20230902_130725913-scaled.jpg\"><img loading=\"lazy\" decoding=\"async\" width=\"1024\" height=\"576\" data-id=\"1307\" src=\"https:\/\/www.iisvogel.ch\/wp\/wp-content\/uploads\/2023\/09\/PXL_20230902_130725913-1024x576.jpg\" alt=\"\" class=\"wp-image-1307\" srcset=\"https:\/\/www.iisvogel.ch\/wp\/wp-content\/uploads\/2023\/09\/PXL_20230902_130725913-1024x576.jpg 1024w, https:\/\/www.iisvogel.ch\/wp\/wp-content\/uploads\/2023\/09\/PXL_20230902_130725913-300x169.jpg 300w, https:\/\/www.iisvogel.ch\/wp\/wp-content\/uploads\/2023\/09\/PXL_20230902_130725913-768x432.jpg 768w, https:\/\/www.iisvogel.ch\/wp\/wp-content\/uploads\/2023\/09\/PXL_20230902_130725913-1536x864.jpg 1536w, https:\/\/www.iisvogel.ch\/wp\/wp-content\/uploads\/2023\/09\/PXL_20230902_130725913-2048x1152.jpg 2048w\" sizes=\"(max-width: 1024px) 100vw, 1024px\" \/><\/a><\/figure>\n\n\n\n<figure class=\"wp-block-image size-large\"><a href=\"https:\/\/www.iisvogel.ch\/wp\/wp-content\/uploads\/2023\/09\/PXL_20230902_131814460-scaled.jpg\"><img loading=\"lazy\" decoding=\"async\" width=\"1024\" height=\"576\" data-id=\"1309\" src=\"https:\/\/www.iisvogel.ch\/wp\/wp-content\/uploads\/2023\/09\/PXL_20230902_131814460-1024x576.jpg\" alt=\"\" class=\"wp-image-1309\" srcset=\"https:\/\/www.iisvogel.ch\/wp\/wp-content\/uploads\/2023\/09\/PXL_20230902_131814460-1024x576.jpg 1024w, https:\/\/www.iisvogel.ch\/wp\/wp-content\/uploads\/2023\/09\/PXL_20230902_131814460-300x169.jpg 300w, https:\/\/www.iisvogel.ch\/wp\/wp-content\/uploads\/2023\/09\/PXL_20230902_131814460-768x432.jpg 768w, https:\/\/www.iisvogel.ch\/wp\/wp-content\/uploads\/2023\/09\/PXL_20230902_131814460-1536x864.jpg 1536w, https:\/\/www.iisvogel.ch\/wp\/wp-content\/uploads\/2023\/09\/PXL_20230902_131814460-2048x1152.jpg 2048w\" sizes=\"(max-width: 1024px) 100vw, 1024px\" \/><\/a><\/figure>\n<\/figure>\n\n\n\n<p>Und so kann man den Tag zusammenfassen: Selun statt Chli Aubrig, S\u00fcdwind statt Nordwind, Kondensation statt hohe Basis, Nord-Lee statt S\u00fcd-Thermik, Walenstadt statt Linth-Ebene, Unterwasser statt St. Gallen und Sellamatt statt Starkenbach. Aber, am wichtigsten: Fliegen statt hinunterwandern, und Berge statt B\u00fcro. Darum war&#8217;s durchaus ein gelungener Tag!<\/p>\n","protected":false},"excerpt":{"rendered":"<p>Eigentlich hatte Andr\u00e9 ja eine Tour auf den Chli Aubrig ausgeschrieben. Aber angesichts der prognostizierten Bisentendenz wurde dann doch der Selun als Tagesziel ausgew\u00e4hlt. Nachdem wir zu dritt bei der Selunbahn angekommen waren, die Ern\u00fcchterung: Es hatte schon so viele wartende Leute, dass wir \u00fcber eine Stunde warten mussten. Die Wartezeit war jedoch kurzweilig, so konnten wir beispielsweise dem Alpabzug&#8230; <a href=\"https:\/\/www.iisvogel.ch\/wp\/?p=1296\">Read more &raquo;<\/a><\/p>\n","protected":false},"author":1,"featured_media":0,"comment_status":"closed","ping_status":"closed","sticky":false,"template":"","format":"standard","meta":{"footnotes":""},"categories":[6],"tags":[31,30,32],"_links":{"self":[{"href":"https:\/\/www.iisvogel.ch\/wp\/index.php?rest_route=\/wp\/v2\/posts\/1296"}],"collection":[{"href":"https:\/\/www.iisvogel.ch\/wp\/index.php?rest_route=\/wp\/v2\/posts"}],"about":[{"href":"https:\/\/www.iisvogel.ch\/wp\/index.php?rest_route=\/wp\/v2\/types\/post"}],"author":[{"embeddable":true,"href":"https:\/\/www.iisvogel.ch\/wp\/index.php?rest_route=\/wp\/v2\/users\/1"}],"replies":[{"embeddable":true,"href":"https:\/\/www.iisvogel.ch\/wp\/index.php?rest_route=%2Fwp%2Fv2%2Fcomments&post=1296"}],"version-history":[{"count":4,"href":"https:\/\/www.iisvogel.ch\/wp\/index.php?rest_route=\/wp\/v2\/posts\/1296\/revisions"}],"predecessor-version":[{"id":1513,"href":"https:\/\/www.iisvogel.ch\/wp\/index.php?rest_route=\/wp\/v2\/posts\/1296\/revisions\/1513"}],"wp:attachment":[{"href":"https:\/\/www.iisvogel.ch\/wp\/index.php?rest_route=%2Fwp%2Fv2%2Fmedia&parent=1296"}],"wp:term":[{"taxonomy":"category","embeddable":true,"href":"https:\/\/www.iisvogel.ch\/wp\/index.php?rest_route=%2Fwp%2Fv2%2Fcategories&post=1296"},{"taxonomy":"post_tag","embeddable":true,"href":"https:\/\/www.iisvogel.ch\/wp\/index.php?rest_route=%2Fwp%2Fv2%2Ftags&post=1296"}],"curies":[{"name":"wp","href":"https:\/\/api.w.org\/{rel}","templated":true}]}}