{"id":1103,"date":"2022-08-28T10:28:00","date_gmt":"2022-08-28T08:28:00","guid":{"rendered":"https:\/\/www.iisvogel.ch\/wp\/?p=1103"},"modified":"2022-08-30T11:14:34","modified_gmt":"2022-08-30T09:14:34","slug":"piz-s","status":"publish","type":"post","link":"https:\/\/www.iisvogel.ch\/wp\/?p=1103","title":{"rendered":"Piz S&#8230;&#8230;"},"content":{"rendered":"\n<p>Die regnerischen Wetterprognosen legten schon am Mittwoch die Absage der Tour auf den Piz Sardona vom Samstag, 27. August nahe. Eine Verschiebung auf den Sonntag war Schreibendem aufgrund angesagter Bew\u00f6lkung mit tiefer Basis und zweifelhafter Windrichtung zu unsicher. Im Laufe des Samstags jedoch zeichnete sich ab, dass die Unternehmung am Sonntag vielleicht trotzdem klappen k\u00f6nnte. Auf Initiative von Suresh &#8211; \u201eman kann es immer probieren\u201c &#8211; wurde die Unternehmung am Samstagabend etwas sp\u00e4t im Chat verbreitet &#8211; mit wenig Anklang.<\/p>\n\n\n\n<p>So bestiegen Suresh, Stefan und Gonzo fr\u00fchmorgens die kleine Seilbahn zur Tschinglenalp und nahmen den Aufstieg zum Segnespass unter die F\u00fcsse. Man trottete schwitzend bergauf und r\u00e4tselte, weshalb die Tektonikarena Sardona (UNESCO-Welterbe) nicht flacher gebaut wurde. So k\u00f6nnte sie von ALLEN besucht werden und niemand w\u00fcrde diskriminiert. Entr\u00fcstet bemerkten wir, dass in der \u00f6stlichen Wand der Arena, in der Kette der Tschingelh\u00f6rner, ein riesiges Loch klaffte. Baupfusch \u00fcberall!! Oder ist es bloss ein k\u00fcnstlerischer Furz des Arschitekten?<\/p>\n\n\n\n<p>Die vielf\u00e4ltigen Gesteine waren ungew\u00f6hnlich geformt und teils sch\u00f6n gef\u00e4rbt. Stefan fand sogar einen klaren, kleinen Bergkristall. Der wurde sofort wieder zur\u00fcck ins Ger\u00f6llfeld gelegt. Wir Superwoke stehlen selbstverst\u00e4ndlich nicht das Geringste aus einem Weltkulturerbe.<\/p>\n\n\n\n<p>Die im Schatten liegende \u201eMountain Lodge\u201c (die Glarner sagen: lotschrigi B\u00e4rgh\u00fctt\u00e4) wurde links liegen gelassen und die Pause auf der sonnigen B\u00fcndnerseite des Passes genossen.<\/p>\n\n\n\n<div class=\"wp-block-columns is-layout-flex wp-container-core-columns-is-layout-1 wp-block-columns-is-layout-flex\">\n<div class=\"wp-block-column is-layout-flow wp-block-column-is-layout-flow\" style=\"flex-basis:100%\">\n<figure class=\"wp-block-gallery has-nested-images columns-default is-cropped wp-block-gallery-1 is-layout-flex wp-block-gallery-is-layout-flex\">\n<figure class=\"wp-block-image size-large\"><a href=\"https:\/\/www.iisvogel.ch\/wp\/wp-content\/uploads\/2022\/08\/Segnas-4.jpeg\"><img loading=\"lazy\" decoding=\"async\" width=\"768\" height=\"1024\" src=\"https:\/\/www.iisvogel.ch\/wp\/wp-content\/uploads\/2022\/08\/Segnas-4.jpeg\" alt=\"\" class=\"wp-image-1105\" srcset=\"https:\/\/www.iisvogel.ch\/wp\/wp-content\/uploads\/2022\/08\/Segnas-4.jpeg 768w, https:\/\/www.iisvogel.ch\/wp\/wp-content\/uploads\/2022\/08\/Segnas-4-225x300.jpeg 225w\" sizes=\"(max-width: 768px) 100vw, 768px\" \/><\/a><\/figure>\n\n\n\n<figure class=\"wp-block-image size-thumbnail\"><a href=\"https:\/\/www.iisvogel.ch\/wp\/wp-content\/uploads\/2022\/08\/Segnas-3.jpeg\"><img loading=\"lazy\" decoding=\"async\" width=\"150\" height=\"150\" src=\"https:\/\/www.iisvogel.ch\/wp\/wp-content\/uploads\/2022\/08\/Segnas-3-150x150.jpeg\" alt=\"\" class=\"wp-image-1104\"\/><\/a><\/figure>\n\n\n\n<figure class=\"wp-block-image size-thumbnail\"><a href=\"https:\/\/www.iisvogel.ch\/wp\/wp-content\/uploads\/2022\/08\/Segnas-2.jpeg\"><img loading=\"lazy\" decoding=\"async\" width=\"150\" height=\"150\" src=\"https:\/\/www.iisvogel.ch\/wp\/wp-content\/uploads\/2022\/08\/Segnas-2-150x150.jpeg\" alt=\"\" class=\"wp-image-1107\"\/><\/a><\/figure>\n\n\n\n<figure class=\"wp-block-image size-large\"><a href=\"https:\/\/www.iisvogel.ch\/wp\/wp-content\/uploads\/2022\/08\/Segnas-1.jpeg\"><img loading=\"lazy\" decoding=\"async\" width=\"1024\" height=\"768\" src=\"https:\/\/www.iisvogel.ch\/wp\/wp-content\/uploads\/2022\/08\/Segnas-1-1024x768.jpeg\" alt=\"\" class=\"wp-image-1106\" srcset=\"https:\/\/www.iisvogel.ch\/wp\/wp-content\/uploads\/2022\/08\/Segnas-1-1024x768.jpeg 1024w, https:\/\/www.iisvogel.ch\/wp\/wp-content\/uploads\/2022\/08\/Segnas-1-300x225.jpeg 300w, https:\/\/www.iisvogel.ch\/wp\/wp-content\/uploads\/2022\/08\/Segnas-1-768x576.jpeg 768w, https:\/\/www.iisvogel.ch\/wp\/wp-content\/uploads\/2022\/08\/Segnas-1-1536x1152.jpeg 1536w, https:\/\/www.iisvogel.ch\/wp\/wp-content\/uploads\/2022\/08\/Segnas-1-70x53.jpeg 70w, https:\/\/www.iisvogel.ch\/wp\/wp-content\/uploads\/2022\/08\/Segnas-1.jpeg 1600w\" sizes=\"(max-width: 1024px) 100vw, 1024px\" \/><\/a><\/figure>\n<\/figure>\n<\/div>\n<\/div>\n\n\n\n<p>Nach kurzem Abstieg in den grossen Ger\u00f6llkessel, in den am 4.8.2018 die Tante Ju mit 20 Insassen st\u00fcrzte, erwartete uns der elend steile und unbequeme Schlussanstieg auf den Piz Segnas (3098 M\u00fcM) und wir erreichten kurz nach 11 Uhr den Gipfel. Mit unserer Steigrate von rund 500 Hm\/Std. waren wir ganz zufrieden, zumal die Wolkenprognosen eine Tr\u00f6delei nicht ratsam scheinen liessen.<\/p>\n\n\n\n<p>Der schwache Wind aus NW passte perfekt zur Ausrichtung der Startm\u00f6glichkeiten im Gipfelbereich. Wir konnten nicht so recht einsch\u00e4tzen, wie sich die tief in den Osth\u00e4ngen liegenden Quellwolken noch entwickeln w\u00fcrden. Also wurde beschlossen, auf die Querung zum etwas niedrigeren Piz Sardona zu verzichten und bei guten Verh\u00e4ltnissen auf dem Piz Segnas zu starten. Nach einem Flug in beunruhigend ruhiger Luft landeten wir zufrieden beim T\u00f6niberg in Elm und waren Petrus dankbar f\u00fcr den bequemen und sicheren Abstieg. Ein Fussabstieg ins Tal h\u00e4tte zu einem gef\u00e4hrlich hohen Bierkonsum gef\u00fchrt. Ein feines Mittagessen in Glarus und eine Abk\u00fchlung in der Flussbadi Sch\u00e4nis rundeten den Sonntag der Herren ab.<\/p>\n\n\n\n<p>Gonzo<\/p>\n","protected":false},"excerpt":{"rendered":"<p>Die regnerischen Wetterprognosen legten schon am Mittwoch die Absage der Tour auf den Piz Sardona vom Samstag, 27. August nahe. Eine Verschiebung auf den Sonntag war Schreibendem aufgrund angesagter Bew\u00f6lkung mit tiefer Basis und zweifelhafter Windrichtung zu unsicher. Im Laufe des Samstags jedoch zeichnete sich ab, dass die Unternehmung am Sonntag vielleicht trotzdem klappen k\u00f6nnte. Auf Initiative von Suresh &#8211;&#8230; <a href=\"https:\/\/www.iisvogel.ch\/wp\/?p=1103\">Read more &raquo;<\/a><\/p>\n","protected":false},"author":1,"featured_media":0,"comment_status":"closed","ping_status":"closed","sticky":false,"template":"","format":"standard","meta":{"footnotes":""},"categories":[6],"tags":[],"_links":{"self":[{"href":"https:\/\/www.iisvogel.ch\/wp\/index.php?rest_route=\/wp\/v2\/posts\/1103"}],"collection":[{"href":"https:\/\/www.iisvogel.ch\/wp\/index.php?rest_route=\/wp\/v2\/posts"}],"about":[{"href":"https:\/\/www.iisvogel.ch\/wp\/index.php?rest_route=\/wp\/v2\/types\/post"}],"author":[{"embeddable":true,"href":"https:\/\/www.iisvogel.ch\/wp\/index.php?rest_route=\/wp\/v2\/users\/1"}],"replies":[{"embeddable":true,"href":"https:\/\/www.iisvogel.ch\/wp\/index.php?rest_route=%2Fwp%2Fv2%2Fcomments&post=1103"}],"version-history":[{"count":1,"href":"https:\/\/www.iisvogel.ch\/wp\/index.php?rest_route=\/wp\/v2\/posts\/1103\/revisions"}],"predecessor-version":[{"id":1108,"href":"https:\/\/www.iisvogel.ch\/wp\/index.php?rest_route=\/wp\/v2\/posts\/1103\/revisions\/1108"}],"wp:attachment":[{"href":"https:\/\/www.iisvogel.ch\/wp\/index.php?rest_route=%2Fwp%2Fv2%2Fmedia&parent=1103"}],"wp:term":[{"taxonomy":"category","embeddable":true,"href":"https:\/\/www.iisvogel.ch\/wp\/index.php?rest_route=%2Fwp%2Fv2%2Fcategories&post=1103"},{"taxonomy":"post_tag","embeddable":true,"href":"https:\/\/www.iisvogel.ch\/wp\/index.php?rest_route=%2Fwp%2Fv2%2Ftags&post=1103"}],"curies":[{"name":"wp","href":"https:\/\/api.w.org\/{rel}","templated":true}]}}