{"id":1010,"date":"2022-08-15T00:17:01","date_gmt":"2022-08-14T22:17:01","guid":{"rendered":"https:\/\/www.iisvogel.ch\/wp\/?p=1010"},"modified":"2022-08-15T00:23:35","modified_gmt":"2022-08-14T22:23:35","slug":"der-gar-nicht-so-hohe-hoechst","status":"publish","type":"post","link":"https:\/\/www.iisvogel.ch\/wp\/?p=1010","title":{"rendered":"Der gar nicht so hohe H\u00f6chst"},"content":{"rendered":"\n<p>Da die Balmhorn-Tour erneut nicht stattfinden konnte, schlug Oli vor, stattdessen den H\u00f6chst zu besteigen. Nun mag man sich fragen, \u00abwo steht denn der H\u00f6chst, und ist er der H\u00f6chste\u00bb? Die etwas ern\u00fcchternde Antwort lautet: Nein, er geh\u00f6rt zu den St. Galler Voralpen, ist lediglich 2025 Meter hoch, und damit niedriger als die umgebenden Tristencholben und Sichelchamm. Aber immerhin h\u00f6her als der Niederi! Was wohl auch den Ursprung des Namens erkl\u00e4rt. Der Tourenf\u00fchrer von 1999 beschreibt ihn wie folgt: \u00abH\u00f6chster Punkt einiger steiler Graskuppen\u00bb.<\/p>\n\n\n\n<p>Nun denn, allzu alpin klingt das nicht. Trotzdem machten wir uns zu zweit (Oli und Danilo) gut gelaunt auf den Weg. Start beim Iltios, dann durch sch\u00f6ne Alpwiesen und Charrenfelder zwischen Ch\u00e4serrugg und Gamserrugg zum Sattel. Hier konnte man bereits unser Ziel erkennen, doch zuerst mussten wir nochmals fast 300 H\u00f6henmeter absteigen. Wir erw\u00e4gten kurz einen Abstieg per Gleitschirm, jedoch erschien uns der Flug nicht lohnend.<\/p>\n\n\n\n<figure class=\"wp-block-gallery has-nested-images columns-2 is-cropped wp-block-gallery-1 is-layout-flex wp-block-gallery-is-layout-flex\">\n<figure class=\"wp-block-image size-large\"><a href=\"https:\/\/www.iisvogel.ch\/wp\/wp-content\/uploads\/2022\/08\/DSCF8229-scaled.jpg\"><img loading=\"lazy\" decoding=\"async\" width=\"2560\" height=\"1440\" data-id=\"1011\" src=\"https:\/\/www.iisvogel.ch\/wp\/wp-content\/uploads\/2022\/08\/DSCF8229-scaled.jpg\" alt=\"\" class=\"wp-image-1011\" srcset=\"https:\/\/www.iisvogel.ch\/wp\/wp-content\/uploads\/2022\/08\/DSCF8229-scaled.jpg 2560w, https:\/\/www.iisvogel.ch\/wp\/wp-content\/uploads\/2022\/08\/DSCF8229-300x169.jpg 300w, https:\/\/www.iisvogel.ch\/wp\/wp-content\/uploads\/2022\/08\/DSCF8229-1024x576.jpg 1024w, https:\/\/www.iisvogel.ch\/wp\/wp-content\/uploads\/2022\/08\/DSCF8229-768x432.jpg 768w, https:\/\/www.iisvogel.ch\/wp\/wp-content\/uploads\/2022\/08\/DSCF8229-1536x864.jpg 1536w, https:\/\/www.iisvogel.ch\/wp\/wp-content\/uploads\/2022\/08\/DSCF8229-2048x1152.jpg 2048w\" sizes=\"(max-width: 2560px) 100vw, 2560px\" \/><\/a><\/figure>\n\n\n\n<figure class=\"wp-block-image size-large\"><a href=\"https:\/\/www.iisvogel.ch\/wp\/wp-content\/uploads\/2022\/08\/DSCF8241-scaled.jpg\"><img loading=\"lazy\" decoding=\"async\" width=\"2560\" height=\"1440\" data-id=\"1012\" src=\"https:\/\/www.iisvogel.ch\/wp\/wp-content\/uploads\/2022\/08\/DSCF8241-scaled.jpg\" alt=\"\" class=\"wp-image-1012\" srcset=\"https:\/\/www.iisvogel.ch\/wp\/wp-content\/uploads\/2022\/08\/DSCF8241-scaled.jpg 2560w, https:\/\/www.iisvogel.ch\/wp\/wp-content\/uploads\/2022\/08\/DSCF8241-300x169.jpg 300w, https:\/\/www.iisvogel.ch\/wp\/wp-content\/uploads\/2022\/08\/DSCF8241-1024x576.jpg 1024w, https:\/\/www.iisvogel.ch\/wp\/wp-content\/uploads\/2022\/08\/DSCF8241-768x432.jpg 768w, https:\/\/www.iisvogel.ch\/wp\/wp-content\/uploads\/2022\/08\/DSCF8241-1536x864.jpg 1536w, https:\/\/www.iisvogel.ch\/wp\/wp-content\/uploads\/2022\/08\/DSCF8241-2048x1152.jpg 2048w\" sizes=\"(max-width: 2560px) 100vw, 2560px\" \/><\/a><\/figure>\n\n\n\n<figure class=\"wp-block-image size-large\"><a href=\"https:\/\/www.iisvogel.ch\/wp\/wp-content\/uploads\/2022\/08\/DSCF8245-scaled.jpg\"><img loading=\"lazy\" decoding=\"async\" width=\"1024\" height=\"576\" data-id=\"1013\" src=\"https:\/\/www.iisvogel.ch\/wp\/wp-content\/uploads\/2022\/08\/DSCF8245-1024x576.jpg\" alt=\"\" class=\"wp-image-1013\" srcset=\"https:\/\/www.iisvogel.ch\/wp\/wp-content\/uploads\/2022\/08\/DSCF8245-1024x576.jpg 1024w, https:\/\/www.iisvogel.ch\/wp\/wp-content\/uploads\/2022\/08\/DSCF8245-300x169.jpg 300w, https:\/\/www.iisvogel.ch\/wp\/wp-content\/uploads\/2022\/08\/DSCF8245-768x432.jpg 768w, https:\/\/www.iisvogel.ch\/wp\/wp-content\/uploads\/2022\/08\/DSCF8245-1536x864.jpg 1536w, https:\/\/www.iisvogel.ch\/wp\/wp-content\/uploads\/2022\/08\/DSCF8245-2048x1152.jpg 2048w\" sizes=\"(max-width: 1024px) 100vw, 1024px\" \/><\/a><\/figure>\n\n\n\n<figure class=\"wp-block-image size-large\"><a href=\"https:\/\/www.iisvogel.ch\/wp\/wp-content\/uploads\/2022\/08\/DSCF8252-scaled.jpg\"><img loading=\"lazy\" decoding=\"async\" width=\"1024\" height=\"576\" data-id=\"1014\" src=\"https:\/\/www.iisvogel.ch\/wp\/wp-content\/uploads\/2022\/08\/DSCF8252-1024x576.jpg\" alt=\"\" class=\"wp-image-1014\" srcset=\"https:\/\/www.iisvogel.ch\/wp\/wp-content\/uploads\/2022\/08\/DSCF8252-1024x576.jpg 1024w, https:\/\/www.iisvogel.ch\/wp\/wp-content\/uploads\/2022\/08\/DSCF8252-300x169.jpg 300w, https:\/\/www.iisvogel.ch\/wp\/wp-content\/uploads\/2022\/08\/DSCF8252-768x432.jpg 768w, https:\/\/www.iisvogel.ch\/wp\/wp-content\/uploads\/2022\/08\/DSCF8252-1536x864.jpg 1536w, https:\/\/www.iisvogel.ch\/wp\/wp-content\/uploads\/2022\/08\/DSCF8252-2048x1152.jpg 2048w\" sizes=\"(max-width: 1024px) 100vw, 1024px\" \/><\/a><\/figure>\n<\/figure>\n\n\n\n<p>Der Weg war abwechslungsreich, und einige negativen und positiven H\u00f6henmeter sp\u00e4ter standen wir kurz vor dem Grasgipfel. Gem\u00e4ss Swisstopo-Karte m\u00fcsste sich neben dem Gipfelkreuz ein sch\u00f6ner Startplatz befinden. Oben angekommen dann die Ern\u00fcchterung: Die K\u00fche hatten wohl keine Lust gehabt, das Gras bis ganz oben wegzufressen&#8230; Der \u00abStartplatz\u00bb bestand aus h\u00fcfthohem Gras, durchsetzt von Blumen, Disteln und anderen start-erschwerenden Pflanzen. So war an ein Auslegen nicht zu denken. Wir genossen daher erstmal das wirklich nicht zu verachtende Panorama.<\/p>\n\n\n\n<figure class=\"wp-block-gallery has-nested-images columns-default is-cropped wp-block-gallery-2 is-layout-flex wp-block-gallery-is-layout-flex\">\n<figure class=\"wp-block-image size-large\"><a href=\"https:\/\/www.iisvogel.ch\/wp\/wp-content\/uploads\/2022\/08\/DSCF8263-scaled.jpg\"><img loading=\"lazy\" decoding=\"async\" width=\"1024\" height=\"576\" data-id=\"1016\" src=\"https:\/\/www.iisvogel.ch\/wp\/wp-content\/uploads\/2022\/08\/DSCF8263-1024x576.jpg\" alt=\"\" class=\"wp-image-1016\" srcset=\"https:\/\/www.iisvogel.ch\/wp\/wp-content\/uploads\/2022\/08\/DSCF8263-1024x576.jpg 1024w, https:\/\/www.iisvogel.ch\/wp\/wp-content\/uploads\/2022\/08\/DSCF8263-300x169.jpg 300w, https:\/\/www.iisvogel.ch\/wp\/wp-content\/uploads\/2022\/08\/DSCF8263-768x432.jpg 768w, https:\/\/www.iisvogel.ch\/wp\/wp-content\/uploads\/2022\/08\/DSCF8263-1536x864.jpg 1536w, https:\/\/www.iisvogel.ch\/wp\/wp-content\/uploads\/2022\/08\/DSCF8263-2048x1152.jpg 2048w\" sizes=\"(max-width: 1024px) 100vw, 1024px\" \/><\/a><\/figure>\n\n\n\n<figure class=\"wp-block-image size-large\"><a href=\"https:\/\/www.iisvogel.ch\/wp\/wp-content\/uploads\/2022\/08\/DSCF8266-scaled.jpg\"><img loading=\"lazy\" decoding=\"async\" width=\"1024\" height=\"576\" data-id=\"1017\" src=\"https:\/\/www.iisvogel.ch\/wp\/wp-content\/uploads\/2022\/08\/DSCF8266-1024x576.jpg\" alt=\"\" class=\"wp-image-1017\" srcset=\"https:\/\/www.iisvogel.ch\/wp\/wp-content\/uploads\/2022\/08\/DSCF8266-1024x576.jpg 1024w, https:\/\/www.iisvogel.ch\/wp\/wp-content\/uploads\/2022\/08\/DSCF8266-300x169.jpg 300w, https:\/\/www.iisvogel.ch\/wp\/wp-content\/uploads\/2022\/08\/DSCF8266-768x432.jpg 768w, https:\/\/www.iisvogel.ch\/wp\/wp-content\/uploads\/2022\/08\/DSCF8266-1536x864.jpg 1536w, https:\/\/www.iisvogel.ch\/wp\/wp-content\/uploads\/2022\/08\/DSCF8266-2048x1152.jpg 2048w\" sizes=\"(max-width: 1024px) 100vw, 1024px\" \/><\/a><\/figure>\n\n\n\n<figure class=\"wp-block-image size-large\"><a href=\"https:\/\/www.iisvogel.ch\/wp\/wp-content\/uploads\/2022\/08\/DSCF8271-scaled.jpg\"><img loading=\"lazy\" decoding=\"async\" width=\"1024\" height=\"576\" data-id=\"1018\" src=\"https:\/\/www.iisvogel.ch\/wp\/wp-content\/uploads\/2022\/08\/DSCF8271-1024x576.jpg\" alt=\"\" class=\"wp-image-1018\" srcset=\"https:\/\/www.iisvogel.ch\/wp\/wp-content\/uploads\/2022\/08\/DSCF8271-1024x576.jpg 1024w, https:\/\/www.iisvogel.ch\/wp\/wp-content\/uploads\/2022\/08\/DSCF8271-300x169.jpg 300w, https:\/\/www.iisvogel.ch\/wp\/wp-content\/uploads\/2022\/08\/DSCF8271-768x432.jpg 768w, https:\/\/www.iisvogel.ch\/wp\/wp-content\/uploads\/2022\/08\/DSCF8271-1536x864.jpg 1536w, https:\/\/www.iisvogel.ch\/wp\/wp-content\/uploads\/2022\/08\/DSCF8271-2048x1152.jpg 2048w\" sizes=\"(max-width: 1024px) 100vw, 1024px\" \/><\/a><\/figure>\n\n\n\n<figure class=\"wp-block-image size-large\"><a href=\"https:\/\/www.iisvogel.ch\/wp\/wp-content\/uploads\/2022\/08\/DSCF8272-scaled.jpg\"><img loading=\"lazy\" decoding=\"async\" width=\"1024\" height=\"576\" data-id=\"1019\" src=\"https:\/\/www.iisvogel.ch\/wp\/wp-content\/uploads\/2022\/08\/DSCF8272-1024x576.jpg\" alt=\"\" class=\"wp-image-1019\" srcset=\"https:\/\/www.iisvogel.ch\/wp\/wp-content\/uploads\/2022\/08\/DSCF8272-1024x576.jpg 1024w, https:\/\/www.iisvogel.ch\/wp\/wp-content\/uploads\/2022\/08\/DSCF8272-300x169.jpg 300w, https:\/\/www.iisvogel.ch\/wp\/wp-content\/uploads\/2022\/08\/DSCF8272-768x432.jpg 768w, https:\/\/www.iisvogel.ch\/wp\/wp-content\/uploads\/2022\/08\/DSCF8272-1536x864.jpg 1536w, https:\/\/www.iisvogel.ch\/wp\/wp-content\/uploads\/2022\/08\/DSCF8272-2048x1152.jpg 2048w\" sizes=\"(max-width: 1024px) 100vw, 1024px\" \/><\/a><figcaption>Die &#8222;Startwiese&#8220;<\/figcaption><\/figure>\n\n\n\n<figure class=\"wp-block-image size-large\"><a href=\"https:\/\/www.iisvogel.ch\/wp\/wp-content\/uploads\/2022\/08\/DSCF8276-scaled.jpg\"><img loading=\"lazy\" decoding=\"async\" width=\"1024\" height=\"576\" data-id=\"1020\" src=\"https:\/\/www.iisvogel.ch\/wp\/wp-content\/uploads\/2022\/08\/DSCF8276-1024x576.jpg\" alt=\"\" class=\"wp-image-1020\" srcset=\"https:\/\/www.iisvogel.ch\/wp\/wp-content\/uploads\/2022\/08\/DSCF8276-1024x576.jpg 1024w, https:\/\/www.iisvogel.ch\/wp\/wp-content\/uploads\/2022\/08\/DSCF8276-300x169.jpg 300w, https:\/\/www.iisvogel.ch\/wp\/wp-content\/uploads\/2022\/08\/DSCF8276-768x432.jpg 768w, https:\/\/www.iisvogel.ch\/wp\/wp-content\/uploads\/2022\/08\/DSCF8276-1536x864.jpg 1536w, https:\/\/www.iisvogel.ch\/wp\/wp-content\/uploads\/2022\/08\/DSCF8276-2048x1152.jpg 2048w\" sizes=\"(max-width: 1024px) 100vw, 1024px\" \/><\/a><\/figure>\n<\/figure>\n\n\n\n<p>Einige dutzend Meter weiter unten hatten die K\u00fche gl\u00fccklicherweise zumindest einen Teil ihrer Aufgabe erledigt, so dass wir doch noch unsere Schirme auslegen konnten. Oli hatte wohl bei der Auswahl des Startflecks anscheinend mehr Gl\u00fcck als ich und konnte schon relativ bald starten. Ich hingegen musste zuerst 20 Minuten in das Sortieren der in den Pflanzen verhedderten, d\u00fcnnen Leinen und das Ausreissen dutzender leinen-grabschender Blumen investieren&#8230; Wahrlich kein Startplatz, der das Pr\u00e4dikat \u00abempfehlenswert\u00bb verdient. <\/p>\n\n\n\n<p>Auch in der Luft war das Gl\u00fcck (oder K\u00f6nnen) nicht gleichm\u00e4ssig verteilt. W\u00e4hrend Oli den Voralpsee-Schlauch souver\u00e4n erwischte und nach einem Aufdrehen am Ch\u00e4serrugg das Toggenburg querte, flog ich souver\u00e4n an der Thermik vorbei. Da zudem gleich nach dem Start mein (zugegeben selbstgebastelter) Beschleuniger zerbrach, sorgte der Gegenwind auch gleich noch daf\u00fcr, dass die Flugpl\u00e4ne erheblich gek\u00fcrzt werden mussten und der Flug bereits auf den Maienberger Wiesen endete. Gl\u00fccklicherweise erbarmte sich ein netter Einheimischer und nahm mit seinem Subaru mit nach Grabs. Fazit: Sch\u00f6ne Wanderung, m\u00e4ssiger Startplatz, suboptimaler Gleitwinkel, nette Subaru-Fahrer. Durchaus ein gelungener Tag!<\/p>\n\n\n\n<figure class=\"wp-block-gallery has-nested-images columns-default is-cropped wp-block-gallery-3 is-layout-flex wp-block-gallery-is-layout-flex\">\n<figure class=\"wp-block-image size-large\"><a href=\"https:\/\/www.iisvogel.ch\/wp\/wp-content\/uploads\/2022\/08\/DSCF8285-scaled.jpg\"><img loading=\"lazy\" decoding=\"async\" width=\"1024\" height=\"576\" data-id=\"1022\" src=\"https:\/\/www.iisvogel.ch\/wp\/wp-content\/uploads\/2022\/08\/DSCF8285-1024x576.jpg\" alt=\"\" class=\"wp-image-1022\" srcset=\"https:\/\/www.iisvogel.ch\/wp\/wp-content\/uploads\/2022\/08\/DSCF8285-1024x576.jpg 1024w, https:\/\/www.iisvogel.ch\/wp\/wp-content\/uploads\/2022\/08\/DSCF8285-300x169.jpg 300w, https:\/\/www.iisvogel.ch\/wp\/wp-content\/uploads\/2022\/08\/DSCF8285-768x432.jpg 768w, https:\/\/www.iisvogel.ch\/wp\/wp-content\/uploads\/2022\/08\/DSCF8285-1536x864.jpg 1536w, https:\/\/www.iisvogel.ch\/wp\/wp-content\/uploads\/2022\/08\/DSCF8285-2048x1152.jpg 2048w\" sizes=\"(max-width: 1024px) 100vw, 1024px\" \/><\/a><\/figure>\n\n\n\n<figure class=\"wp-block-image size-large\"><a href=\"https:\/\/www.iisvogel.ch\/wp\/wp-content\/uploads\/2022\/08\/DSCF8291-scaled.jpg\"><img loading=\"lazy\" decoding=\"async\" width=\"1024\" height=\"576\" data-id=\"1023\" src=\"https:\/\/www.iisvogel.ch\/wp\/wp-content\/uploads\/2022\/08\/DSCF8291-1024x576.jpg\" alt=\"\" class=\"wp-image-1023\" srcset=\"https:\/\/www.iisvogel.ch\/wp\/wp-content\/uploads\/2022\/08\/DSCF8291-1024x576.jpg 1024w, https:\/\/www.iisvogel.ch\/wp\/wp-content\/uploads\/2022\/08\/DSCF8291-300x169.jpg 300w, https:\/\/www.iisvogel.ch\/wp\/wp-content\/uploads\/2022\/08\/DSCF8291-768x432.jpg 768w, https:\/\/www.iisvogel.ch\/wp\/wp-content\/uploads\/2022\/08\/DSCF8291-1536x864.jpg 1536w, https:\/\/www.iisvogel.ch\/wp\/wp-content\/uploads\/2022\/08\/DSCF8291-2048x1152.jpg 2048w\" sizes=\"(max-width: 1024px) 100vw, 1024px\" \/><\/a><\/figure>\n\n\n\n<figure class=\"wp-block-image size-large\"><a href=\"https:\/\/www.iisvogel.ch\/wp\/wp-content\/uploads\/2022\/08\/DSCF8298-scaled.jpg\"><img loading=\"lazy\" decoding=\"async\" width=\"1024\" height=\"576\" data-id=\"1024\" src=\"https:\/\/www.iisvogel.ch\/wp\/wp-content\/uploads\/2022\/08\/DSCF8298-1024x576.jpg\" alt=\"\" class=\"wp-image-1024\" srcset=\"https:\/\/www.iisvogel.ch\/wp\/wp-content\/uploads\/2022\/08\/DSCF8298-1024x576.jpg 1024w, https:\/\/www.iisvogel.ch\/wp\/wp-content\/uploads\/2022\/08\/DSCF8298-300x169.jpg 300w, https:\/\/www.iisvogel.ch\/wp\/wp-content\/uploads\/2022\/08\/DSCF8298-768x432.jpg 768w, https:\/\/www.iisvogel.ch\/wp\/wp-content\/uploads\/2022\/08\/DSCF8298-1536x864.jpg 1536w, https:\/\/www.iisvogel.ch\/wp\/wp-content\/uploads\/2022\/08\/DSCF8298-2048x1152.jpg 2048w\" sizes=\"(max-width: 1024px) 100vw, 1024px\" \/><\/a><\/figure>\n\n\n\n<figure class=\"wp-block-image size-large\"><a href=\"https:\/\/www.iisvogel.ch\/wp\/wp-content\/uploads\/2022\/08\/DSCF8302-scaled.jpg\"><img loading=\"lazy\" decoding=\"async\" width=\"1024\" height=\"576\" data-id=\"1025\" src=\"https:\/\/www.iisvogel.ch\/wp\/wp-content\/uploads\/2022\/08\/DSCF8302-1024x576.jpg\" alt=\"\" class=\"wp-image-1025\" srcset=\"https:\/\/www.iisvogel.ch\/wp\/wp-content\/uploads\/2022\/08\/DSCF8302-1024x576.jpg 1024w, https:\/\/www.iisvogel.ch\/wp\/wp-content\/uploads\/2022\/08\/DSCF8302-300x169.jpg 300w, https:\/\/www.iisvogel.ch\/wp\/wp-content\/uploads\/2022\/08\/DSCF8302-768x432.jpg 768w, https:\/\/www.iisvogel.ch\/wp\/wp-content\/uploads\/2022\/08\/DSCF8302-1536x864.jpg 1536w, https:\/\/www.iisvogel.ch\/wp\/wp-content\/uploads\/2022\/08\/DSCF8302-2048x1152.jpg 2048w\" sizes=\"(max-width: 1024px) 100vw, 1024px\" \/><\/a><\/figure>\n\n\n\n<figure class=\"wp-block-image size-large\"><a href=\"https:\/\/www.iisvogel.ch\/wp\/wp-content\/uploads\/2022\/08\/DSCF8305-scaled.jpg\"><img loading=\"lazy\" decoding=\"async\" width=\"1024\" height=\"576\" data-id=\"1026\" src=\"https:\/\/www.iisvogel.ch\/wp\/wp-content\/uploads\/2022\/08\/DSCF8305-1024x576.jpg\" alt=\"\" class=\"wp-image-1026\" srcset=\"https:\/\/www.iisvogel.ch\/wp\/wp-content\/uploads\/2022\/08\/DSCF8305-1024x576.jpg 1024w, https:\/\/www.iisvogel.ch\/wp\/wp-content\/uploads\/2022\/08\/DSCF8305-300x169.jpg 300w, https:\/\/www.iisvogel.ch\/wp\/wp-content\/uploads\/2022\/08\/DSCF8305-768x432.jpg 768w, https:\/\/www.iisvogel.ch\/wp\/wp-content\/uploads\/2022\/08\/DSCF8305-1536x864.jpg 1536w, https:\/\/www.iisvogel.ch\/wp\/wp-content\/uploads\/2022\/08\/DSCF8305-2048x1152.jpg 2048w\" sizes=\"(max-width: 1024px) 100vw, 1024px\" \/><\/a><\/figure>\n\n\n\n<figure class=\"wp-block-image size-large\"><a href=\"https:\/\/www.iisvogel.ch\/wp\/wp-content\/uploads\/2022\/08\/DSCF8309-scaled.jpg\"><img loading=\"lazy\" decoding=\"async\" width=\"1024\" height=\"576\" data-id=\"1027\" src=\"https:\/\/www.iisvogel.ch\/wp\/wp-content\/uploads\/2022\/08\/DSCF8309-1024x576.jpg\" alt=\"\" class=\"wp-image-1027\" srcset=\"https:\/\/www.iisvogel.ch\/wp\/wp-content\/uploads\/2022\/08\/DSCF8309-1024x576.jpg 1024w, https:\/\/www.iisvogel.ch\/wp\/wp-content\/uploads\/2022\/08\/DSCF8309-300x169.jpg 300w, https:\/\/www.iisvogel.ch\/wp\/wp-content\/uploads\/2022\/08\/DSCF8309-768x432.jpg 768w, https:\/\/www.iisvogel.ch\/wp\/wp-content\/uploads\/2022\/08\/DSCF8309-1536x864.jpg 1536w, https:\/\/www.iisvogel.ch\/wp\/wp-content\/uploads\/2022\/08\/DSCF8309-2048x1152.jpg 2048w\" sizes=\"(max-width: 1024px) 100vw, 1024px\" \/><\/a><\/figure>\n<\/figure>\n","protected":false},"excerpt":{"rendered":"<p>Da die Balmhorn-Tour erneut nicht stattfinden konnte, schlug Oli vor, stattdessen den H\u00f6chst zu besteigen. Nun mag man sich fragen, \u00abwo steht denn der H\u00f6chst, und ist er der H\u00f6chste\u00bb? Die etwas ern\u00fcchternde Antwort lautet: Nein, er geh\u00f6rt zu den St. Galler Voralpen, ist lediglich 2025 Meter hoch, und damit niedriger als die umgebenden Tristencholben und Sichelchamm. Aber immerhin h\u00f6her&#8230; <a href=\"https:\/\/www.iisvogel.ch\/wp\/?p=1010\">Read more &raquo;<\/a><\/p>\n","protected":false},"author":1,"featured_media":0,"comment_status":"closed","ping_status":"closed","sticky":false,"template":"","format":"standard","meta":{"footnotes":""},"categories":[6],"tags":[23,22,24,26,21,25],"_links":{"self":[{"href":"https:\/\/www.iisvogel.ch\/wp\/index.php?rest_route=\/wp\/v2\/posts\/1010"}],"collection":[{"href":"https:\/\/www.iisvogel.ch\/wp\/index.php?rest_route=\/wp\/v2\/posts"}],"about":[{"href":"https:\/\/www.iisvogel.ch\/wp\/index.php?rest_route=\/wp\/v2\/types\/post"}],"author":[{"embeddable":true,"href":"https:\/\/www.iisvogel.ch\/wp\/index.php?rest_route=\/wp\/v2\/users\/1"}],"replies":[{"embeddable":true,"href":"https:\/\/www.iisvogel.ch\/wp\/index.php?rest_route=%2Fwp%2Fv2%2Fcomments&post=1010"}],"version-history":[{"count":12,"href":"https:\/\/www.iisvogel.ch\/wp\/index.php?rest_route=\/wp\/v2\/posts\/1010\/revisions"}],"predecessor-version":[{"id":1040,"href":"https:\/\/www.iisvogel.ch\/wp\/index.php?rest_route=\/wp\/v2\/posts\/1010\/revisions\/1040"}],"wp:attachment":[{"href":"https:\/\/www.iisvogel.ch\/wp\/index.php?rest_route=%2Fwp%2Fv2%2Fmedia&parent=1010"}],"wp:term":[{"taxonomy":"category","embeddable":true,"href":"https:\/\/www.iisvogel.ch\/wp\/index.php?rest_route=%2Fwp%2Fv2%2Fcategories&post=1010"},{"taxonomy":"post_tag","embeddable":true,"href":"https:\/\/www.iisvogel.ch\/wp\/index.php?rest_route=%2Fwp%2Fv2%2Ftags&post=1010"}],"curies":[{"name":"wp","href":"https:\/\/api.w.org\/{rel}","templated":true}]}}